{"id":75328,"date":"2026-03-03T21:07:44","date_gmt":"2026-03-04T03:07:44","guid":{"rendered":"https:\/\/elconspirador.com.mx\/?p=75328"},"modified":"2026-03-03T21:07:44","modified_gmt":"2026-03-04T03:07:44","slug":"queretaro-registro-60-incendios-fin-de-semana-pasado","status":"publish","type":"post","link":"https:\/\/elconspirador.com.mx\/?p=75328","title":{"rendered":"QUER\u00c9TARO REGISTR\u00d3 60 INCENDIOS FIN DE SEMANA PASADO"},"content":{"rendered":"<p>El coordinador estatal de Protecci\u00f3n Civil, Javier Amaya Torres, inform\u00f3 que durante el pasado fin de semana se registraron hasta 60 incendios en distintos puntos del estado de Quer\u00e9taro, lo que represent\u00f3 una intensa movilizaci\u00f3n de los cuerpos de emergencia.<\/p>\n<p>Detall\u00f3 que se trat\u00f3 de incendios de diversas magnitudes, adem\u00e1s de quema de pastizales y siniestros detectados en \u00e1reas cerriles entre el s\u00e1bado y el domingo.<\/p>\n<p>\u201cHemos tenido much\u00edsima actividad en todo el estado. En la zona metropolitana tuvimos bastantes incendios, en la zona norte del municipio de Quer\u00e9taro y en la zona norte tambi\u00e9n del municipio de El Marqu\u00e9s\u201d.<\/p>\n<p>El funcionario agreg\u00f3 que tambi\u00e9n se reportaron incendios en Tequisquiapan y Amealco, mientras que en Huimilpan se registraron dos incendios de diferentes magnitudes el pasado domingo.<\/p>\n<p>Ante este panorama, reconoci\u00f3 que, con el inicio de la temporada de altas temperaturas, Protecci\u00f3n Civil se mantiene en alerta por el incremento de incendios, particularmente los de tipo forestal, por lo que llam\u00f3 a la poblaci\u00f3n a evitar quemas y reportar cualquier conato de incendio a las autoridades.<\/p>\n","protected":false},"excerpt":{"rendered":"<p>El coordinador estatal de Protecci\u00f3n Civil, Javier Amaya Torres, inform\u00f3 que durante el pasado fin de semana se registraron hasta 60 incendios en distintos puntos del estado de Quer\u00e9taro, lo que represent\u00f3 una intensa movilizaci\u00f3n de los cuerpos de emergencia. Detall\u00f3 que se trat\u00f3 de incendios de diversas magnitudes, adem\u00e1s de quema de pastizales y siniestros detectados en \u00e1reas cerriles<\/p>\n<div class=\"h10\"><\/div>\n<p><a class=\"more-link2 flat\" href=\"https:\/\/elconspirador.com.mx\/?p=75328\">Leer m\u00e1s<\/a><\/p>\n","protected":false},"author":1,"featured_media":75329,"comment_status":"open","ping_status":"open","sticky":false,"template":"","format":"standard","meta":{"om_disable_all_campaigns":false,"_uf_show_specific_survey":0,"_uf_disable_surveys":false},"categories":[1],"tags":[],"aioseo_notices":[],"_links":{"self":[{"href":"https:\/\/elconspirador.com.mx\/index.php?rest_route=\/wp\/v2\/posts\/75328"}],"collection":[{"href":"https:\/\/elconspirador.com.mx\/index.php?rest_route=\/wp\/v2\/posts"}],"about":[{"href":"https:\/\/elconspirador.com.mx\/index.php?rest_route=\/wp\/v2\/types\/post"}],"author":[{"embeddable":true,"href":"https:\/\/elconspirador.com.mx\/index.php?rest_route=\/wp\/v2\/users\/1"}],"replies":[{"embeddable":true,"href":"https:\/\/elconspirador.com.mx\/index.php?rest_route=%2Fwp%2Fv2%2Fcomments&post=75328"}],"version-history":[{"count":1,"href":"https:\/\/elconspirador.com.mx\/index.php?rest_route=\/wp\/v2\/posts\/75328\/revisions"}],"predecessor-version":[{"id":75330,"href":"https:\/\/elconspirador.com.mx\/index.php?rest_route=\/wp\/v2\/posts\/75328\/revisions\/75330"}],"wp:featuredmedia":[{"embeddable":true,"href":"https:\/\/elconspirador.com.mx\/index.php?rest_route=\/wp\/v2\/media\/75329"}],"wp:attachment":[{"href":"https:\/\/elconspirador.com.mx\/index.php?rest_route=%2Fwp%2Fv2%2Fmedia&parent=75328"}],"wp:term":[{"taxonomy":"category","embeddable":true,"href":"https:\/\/elconspirador.com.mx\/index.php?rest_route=%2Fwp%2Fv2%2Fcategories&post=75328"},{"taxonomy":"post_tag","embeddable":true,"href":"https:\/\/elconspirador.com.mx\/index.php?rest_route=%2Fwp%2Fv2%2Ftags&post=75328"}],"curies":[{"name":"wp","href":"https:\/\/api.w.org\/{rel}","templated":true}]}}