{"id":75331,"date":"2026-03-05T06:52:05","date_gmt":"2026-03-05T12:52:05","guid":{"rendered":"https:\/\/elconspirador.com.mx\/?p=75331"},"modified":"2026-03-05T06:52:05","modified_gmt":"2026-03-05T12:52:05","slug":"corregidora-festejara-equinoccio-de-primavera-con-maria-leon","status":"publish","type":"post","link":"https:\/\/elconspirador.com.mx\/?p=75331","title":{"rendered":"CORREGIDORA FESTEJAR\u00c1 EQUINOCCIO DE PRIMAVERA CON MAR\u00cdA LE\u00d3N"},"content":{"rendered":"<p>El Municipio de Corregidora anunci\u00f3 la realizaci\u00f3n del Festival Equinoccio 2026, que se llevar\u00e1 a cabo del 14 al 16 de marzo en Plaza Gran Cu\u00e9, donde destaca la presentaci\u00f3n de la cantante Mar\u00eda Le\u00f3n el s\u00e1bado 14 de marzo a las 21:30 horas como uno de los eventos principales.<\/p>\n<p>El presidente municipal, Chepe Guerrero, inform\u00f3 que se espera una afluencia de entre siete y ocho mil personas tan solo en las actividades del Equinoccio, particularmente el d\u00eda del concierto. No obstante, record\u00f3 que en esas mismas fechas tambi\u00e9n se celebrar\u00e1 un festival de la cerveza en el municipio, lo que podr\u00eda incrementar de manera considerable la asistencia total.<\/p>\n<p>El programa contempla actividades culturales y recreativas como ceremonias de tambores, ceremonias de cacao, videomapping en la pir\u00e1mide, clases de yoga, bazar, food trucks, DJs y actividades infantiles durante los tres d\u00edas del evento.<\/p>\n<p>El alcalde adelant\u00f3 que, ante la cercan\u00eda del arranque del Mundial, se proyecta iniciar una serie de actividades desde el Equinoccio y ampliarlas en coordinaci\u00f3n con restauranteros hasta el inicio de la justa deportiva, con el objetivo de atraer turismo y generar una mayor derrama econ\u00f3mica en Corregidora.<\/p>\n","protected":false},"excerpt":{"rendered":"<p>El Municipio de Corregidora anunci\u00f3 la realizaci\u00f3n del Festival Equinoccio 2026, que se llevar\u00e1 a cabo del 14 al 16 de marzo en Plaza Gran Cu\u00e9, donde destaca la presentaci\u00f3n de la cantante Mar\u00eda Le\u00f3n el s\u00e1bado 14 de marzo a las 21:30 horas como uno de los eventos principales. El presidente municipal, Chepe Guerrero, inform\u00f3 que se espera una<\/p>\n<div class=\"h10\"><\/div>\n<p><a class=\"more-link2 flat\" href=\"https:\/\/elconspirador.com.mx\/?p=75331\">Leer m\u00e1s<\/a><\/p>\n","protected":false},"author":1,"featured_media":75332,"comment_status":"open","ping_status":"open","sticky":false,"template":"","format":"standard","meta":{"om_disable_all_campaigns":false,"_uf_show_specific_survey":0,"_uf_disable_surveys":false},"categories":[1],"tags":[],"aioseo_notices":[],"_links":{"self":[{"href":"https:\/\/elconspirador.com.mx\/index.php?rest_route=\/wp\/v2\/posts\/75331"}],"collection":[{"href":"https:\/\/elconspirador.com.mx\/index.php?rest_route=\/wp\/v2\/posts"}],"about":[{"href":"https:\/\/elconspirador.com.mx\/index.php?rest_route=\/wp\/v2\/types\/post"}],"author":[{"embeddable":true,"href":"https:\/\/elconspirador.com.mx\/index.php?rest_route=\/wp\/v2\/users\/1"}],"replies":[{"embeddable":true,"href":"https:\/\/elconspirador.com.mx\/index.php?rest_route=%2Fwp%2Fv2%2Fcomments&post=75331"}],"version-history":[{"count":1,"href":"https:\/\/elconspirador.com.mx\/index.php?rest_route=\/wp\/v2\/posts\/75331\/revisions"}],"predecessor-version":[{"id":75333,"href":"https:\/\/elconspirador.com.mx\/index.php?rest_route=\/wp\/v2\/posts\/75331\/revisions\/75333"}],"wp:featuredmedia":[{"embeddable":true,"href":"https:\/\/elconspirador.com.mx\/index.php?rest_route=\/wp\/v2\/media\/75332"}],"wp:attachment":[{"href":"https:\/\/elconspirador.com.mx\/index.php?rest_route=%2Fwp%2Fv2%2Fmedia&parent=75331"}],"wp:term":[{"taxonomy":"category","embeddable":true,"href":"https:\/\/elconspirador.com.mx\/index.php?rest_route=%2Fwp%2Fv2%2Fcategories&post=75331"},{"taxonomy":"post_tag","embeddable":true,"href":"https:\/\/elconspirador.com.mx\/index.php?rest_route=%2Fwp%2Fv2%2Ftags&post=75331"}],"curies":[{"name":"wp","href":"https:\/\/api.w.org\/{rel}","templated":true}]}}