{"id":75334,"date":"2026-03-03T11:27:50","date_gmt":"2026-03-03T17:27:50","guid":{"rendered":"https:\/\/elconspirador.com.mx\/?p=75334"},"modified":"2026-03-03T11:27:50","modified_gmt":"2026-03-03T17:27:50","slug":"kuri-toma-protesta-a-colegio-de-abogados-litigantes","status":"publish","type":"post","link":"https:\/\/elconspirador.com.mx\/?p=75334","title":{"rendered":"KURI TOMA PROTESTA A COLEGIO DE ABOGADOS LITIGANTES"},"content":{"rendered":"<p class=\"s6\"><span class=\"s7\"><span class=\"bumpedFont15\">La aspiraci\u00f3n de todos los ciudadanos es vivir en una sociedad de derechos y, en este contexto, las y los profesionales de la abogac\u00eda, son pilares que lo sostienen y garantizan la calidad jur\u00eddica<\/span><\/span><span class=\"s7\"><span class=\"bumpedFont15\">, <\/span><\/span><span class=\"s7\"><span class=\"bumpedFont15\">destac\u00f3 <\/span><\/span><span class=\"s7\"><span class=\"bumpedFont15\">el gobernador, Mauricio Kuri Gonz\u00e1lez, <\/span><\/span><span class=\"s7\"><span class=\"bumpedFont15\">al <\/span><\/span><span class=\"s7\"><span class=\"bumpedFont15\">tomar protesta <\/span><\/span><span class=\"s7\"><span class=\"bumpedFont15\">al nuevo Consejo<\/span><\/span><span class=\"s7\"><span class=\"bumpedFont15\">Directivo <\/span><\/span><span class=\"s7\"><span class=\"bumpedFont15\">del Colegio de Abogados Litigantes de Quer\u00e9taro<\/span><\/span><span class=\"s7\"><span class=\"bumpedFont15\">, encabezado por <\/span><\/span><span class=\"s7\"><span class=\"bumpedFont15\">Omar Espino Zaraz\u00faa<\/span><\/span><span class=\"s7\"><span class=\"bumpedFont15\">. <\/span><\/span><\/p>\n<p class=\"s6\">\n<p class=\"s6\"><span class=\"s7\"><span class=\"bumpedFont15\">En su mensaje, el mandatario estatal <\/span><\/span><span class=\"s7\"><span class=\"bumpedFont15\">se\u00f1al\u00f3 que en Quer\u00e9taro<\/span><\/span><span class=\"s7\"><span class=\"bumpedFont15\">, sociedad y gobierno trabajan unidos <\/span><\/span><span class=\"s7\"><span class=\"bumpedFont15\">para ofrecer seguridad, certidumbre jur\u00eddica y Estado de Derecho, que son fuente de legalidad y gobernanza<\/span><\/span><span class=\"s7\"><span class=\"bumpedFont15\">. Refiri\u00f3 que la entidad es reconocida <\/span><\/span><span class=\"s7\"><span class=\"bumpedFont15\">por su calidad de vida y paz social<\/span><\/span><span class=\"s7\"><span class=\"bumpedFont15\">, <\/span><\/span><span class=\"s7\"><span class=\"bumpedFont15\">y esto ha sido posible -en gran medida- por el compromiso y el m\u00e9rito de profesionales, como los abogados.<\/span><\/span><\/p>\n<p class=\"s6\">\n<p class=\"s6\"><span class=\"s7\"><span class=\"bumpedFont15\">Resalt\u00f3 que los <\/span><\/span><span class=\"s7\"><span class=\"bumpedFont15\">Colegios<\/span><\/span> <span class=\"s7\"><span class=\"bumpedFont15\">juegan un papel muy importante en la profesionalizaci\u00f3n y actualizaci\u00f3n de sus miembros, porque los obligan a cumplir requisitos de honestidad, honorabilidad y probidad, lo que <\/span><\/span><span class=\"s7\"><span class=\"bumpedFont15\">evita<\/span><\/span><span class=\"s7\"><span class=\"bumpedFont15\"> malas pr\u00e1cticas laborales.<\/span><\/span><span class=\"s7\"><span class=\"bumpedFont15\"> Lo anterior tambi\u00e9n<\/span><\/span><span class=\"s7\"><span class=\"bumpedFont15\"> genera <\/span><\/span><span class=\"s7\"><span class=\"bumpedFont15\">confianza en la ciudadan\u00eda y en la labor jur\u00eddica, lo que hace que mejore el sistema en todo su conjunto.<\/span><\/span><\/p>\n<p class=\"s6\">\n<p class=\"s6\"><span class=\"s7\"><span class=\"bumpedFont15\">\u201c<\/span><\/span><span class=\"s7\"><span class=\"bumpedFont15\">Las recientes reformas al Poder Judicial Federal, y las que se van a presentar para la Reforma Judicial en el Estado, requieren de abogados que est\u00e9n actualizados para representar y defender con una actuaci\u00f3n responsable, profesional y \u00e9tica, las leyes que pueden afectar a los ciudadanos.<\/span><\/span> <span class=\"s7\"><span class=\"bumpedFont15\">Porque, al contar con profesionales bien preparados y actualizados, con argumentos y con la ley en la mano, tenemos un muro de contenci\u00f3n ante los excesos del poder<\/span><\/span><span class=\"s7\"><span class=\"bumpedFont15\">\u201d, enfatiz\u00f3. <\/span><\/span><\/p>\n<p class=\"s6\">\n<p class=\"s6\"><span class=\"s7\"><span class=\"bumpedFont15\">Kuri Gonz\u00e1lez dese\u00f3 el mayor de los \u00e9xitos al nuevo Consejo Directivo, encabezado por Omar Espino Zaraz\u00faa, y se\u00f1al\u00f3 que entre sus principales responsabilidades se encuentra incrementar el n\u00famero de agremiados, condici\u00f3n que permitir\u00e1 consolidar un estado moderno y competitivo, con especialistas capaces de responder a los cambios que atraviesa el Sistema Judicial.<\/span><\/span><\/p>\n<p class=\"s6\">\n<p class=\"s6\"><span class=\"s7\"><span class=\"bumpedFont15\">Asimismo, reconoci\u00f3 la labor desempe\u00f1ada por Mayela Portos Hern\u00e1ndez al frente del Consejo<\/span><\/span><span class=\"s7\"><span class=\"bumpedFont15\">, a quien agradeci\u00f3<\/span><\/span><span class=\"s7\"><span class=\"bumpedFont15\"> su esfuerzo y compromiso en la colegiaci\u00f3n y profesionalizaci\u00f3n de sus agremiados, acciones que contribuyen a dignificar la profesi\u00f3n y que constituyen una garant\u00eda<\/span><\/span> <span class=\"s7\"><span class=\"bumpedFont15\">del recto ejercicio de la abogac\u00eda. <\/span><\/span><\/p>\n<p class=\"s6\">\n<p class=\"s6\"><span class=\"s7\"><span class=\"bumpedFont15\">\u201cLos<\/span><\/span><span class=\"s7\"><span class=\"bumpedFont15\"> invito a seguir trabajando <\/span><\/span><span class=\"s7\"><span class=\"bumpedFont15\">juntos<\/span><\/span><span class=\"s7\"><span class=\"bumpedFont15\">, para fortalecer y consolidar nuestro Estado de Derecho y as\u00ed dar certidumbre a las familias queretanas de que seguir\u00e1n viviendo con paz y tranquilidad<\/span><\/span><span class=\"s7\"><span class=\"bumpedFont15\">\u201d, puntualiz\u00f3. <\/span><\/span><\/p>\n<p class=\"s6\">\n<p class=\"s6\"><span class=\"s7\"><span class=\"bumpedFont15\">Durante su discurso, el<\/span><\/span> <span class=\"s7\"><span class=\"bumpedFont15\">magistrado <\/span><\/span><span class=\"s7\"><span class=\"bumpedFont15\">presidente del Poder Judicial<\/span><\/span><span class=\"s7\"><span class=\"bumpedFont15\"> del Estado, <\/span><\/span><span class=\"s7\"><span class=\"bumpedFont15\">Braulio Guerra Urbiola<\/span><\/span><span class=\"s7\"><span class=\"bumpedFont15\">, <\/span><\/span><span class=\"s7\"><span class=\"bumpedFont15\">manifest\u00f3 su inter\u00e9s por mantener <\/span><\/span><span class=\"s7\"><span class=\"bumpedFont15\">los v\u00ednculos con el Colegio de Abogados Litigantes de Quer\u00e9taro<\/span><\/span><span class=\"s7\"><span class=\"bumpedFont15\">. Tambi\u00e9n convoc\u00f3 <\/span><\/span><span class=\"s7\"><span class=\"bumpedFont15\">a <\/span><\/span><span class=\"s7\"><span class=\"bumpedFont15\">utilizar m\u00e1s <\/span><\/span><span class=\"s7\"><span class=\"bumpedFont15\">el expediente electr\u00f3nico y <\/span><\/span><span class=\"s7\"><span class=\"bumpedFont15\">llam\u00f3 <\/span><\/span><span class=\"s7\"><span class=\"bumpedFont15\">a apropiarse de las tecnolog\u00edas<\/span><\/span><span class=\"s7\"><span class=\"bumpedFont15\">, la digitalizaci\u00f3n y la inteligencia artificial<\/span><\/span><span class=\"s7\"><span class=\"bumpedFont15\">como parte de la evoluci\u00f3n <\/span><\/span><span class=\"s7\"><span class=\"bumpedFont15\">del sistema de justicia.<\/span><\/span><\/p>\n<p class=\"s6\">\n<p class=\"s6\"><span class=\"s7\"><span class=\"bumpedFont15\">\u201c<\/span><\/span><span class=\"s7\"><span class=\"bumpedFont15\">Estamos invirtiendo para que no solamente quien trabaja como funcionario judicial tenga m<\/span><\/span><span class=\"s7\"><span class=\"bumpedFont15\">enores<\/span><\/span><span class=\"s7\"><span class=\"bumpedFont15\"> cargas de trabajo, sea m\u00e1s eficiente, sea m\u00e1s pronto y expedito en su labor, sino que tambi\u00e9n ustedes como abogadas y abogados tengan las puertas abiertas y el acceso a nuestra instituci\u00f3n con mayor agilidad y con los beneficios que hoy puede traernos la tecnolog\u00eda<\/span><\/span><span class=\"s7\"><span class=\"bumpedFont15\">\u201d, coment\u00f3.<\/span><\/span><\/p>\n<p class=\"s6\">\n<p class=\"s6\"><span class=\"s7\"><span class=\"bumpedFont15\">Al tomar la palabra, el <\/span><\/span><span class=\"s7\"><span class=\"bumpedFont15\">presidente del Consejo Directivo del Colegio de Abogados Litigantes de Quer\u00e9taro, Omar Espino Zaraz\u00faa, se\u00f1al\u00f3 que actualmente las instituciones enfrentan retos importantes y que, ante este escenario, la abogac\u00eda organizada no puede permanecer indiferente. Expres\u00f3 que quienes ejercen esta profesi\u00f3n deben ser firmes en la defensa de la Constituci\u00f3n, vigilantes del debido proceso y respetuosos, pero tambi\u00e9n celosos de la independencia judicial.<\/span><\/span><\/p>\n<p class=\"s6\">\n<p class=\"s6\"><span class=\"s7\"><span class=\"bumpedFont15\">\u201cComo <\/span><\/span><span class=\"s7\"><span class=\"bumpedFont15\">Colegio,<\/span><\/span><span class=\"s7\"><span class=\"bumpedFont15\"> hoy reiteramos tres compromisos claros<\/span><\/span><span class=\"s7\"><span class=\"bumpedFont15\">:<\/span><\/span><span class=\"s7\"><span class=\"bumpedFont15\">f<\/span><\/span><span class=\"s7\"><span class=\"bumpedFont15\">ortalecer la capacitaci\u00f3n continua de nuestros agremiados, porque el conocimiento es nuestra principal herramienta. Defender el ejercicio digno y \u00e9tico de la profesi\u00f3n, porque la honorabilidad no se negocia. Y promover siempre el respeto del Estado de Derecho, colaborando institucionalmente con las autoridades, pero manteniendo la autonom\u00eda que distingue como abogado libre. Invito a cada integrante de este colegio a ejercer con orgullo<\/span><\/span><span class=\"s7\"><span class=\"bumpedFont15\">\u201d, apunt\u00f3. <\/span><\/span><\/p>\n<p class=\"s6\">\n<p class=\"s6\"><span class=\"s7\"><span class=\"bumpedFont15\">Invit\u00f3 al Gobernador a confiar en mujeres y hombres del derecho dispuestos a contribuir, desde la legalidad, al desarrollo y la estabilidad de la entidad. De igual manera, exhort\u00f3 a trabajar de manera conjunta para que el Quer\u00e9taro al que se aspira no sea solo un principio jur\u00eddico, sino una realidad cotidiana para todas y todos.<\/span><\/span><\/p>\n<p class=\"s6\">\n<p class=\"s6\"><span class=\"s7\"><span class=\"bumpedFont15\">La presidenta saliente <\/span><\/span><span class=\"s7\"><span class=\"bumpedFont15\">del Consejo Directivo del Colegio de Abogados Litigantes de Quer\u00e9taro<\/span><\/span><span class=\"s7\"><span class=\"bumpedFont15\">, <\/span><\/span><span class=\"s7\"><span class=\"bumpedFont15\">Mayela Portos Hern\u00e1ndez,<\/span><\/span><span class=\"s7\"><span class=\"bumpedFont15\"> comparti\u00f3 <\/span><\/span><span class=\"s7\"><span class=\"bumpedFont15\">los logros de la asociaci\u00f3n civil <\/span><\/span><span class=\"s7\"><span class=\"bumpedFont15\">durante su gesti\u00f3n <\/span><\/span><span class=\"s7\"><span class=\"bumpedFont15\">y subray\u00f3 que gracias a<\/span><\/span><span class=\"s7\"><span class=\"bumpedFont15\">l<\/span><\/span><span class=\"s7\"><span class=\"bumpedFont15\"> esfuerzo colectivo<\/span><\/span> <span class=\"s7\"><span class=\"bumpedFont15\">se tiene una mayor interlocuci\u00f3n con los tres poderes del Estado, <\/span><\/span><span class=\"s7\"><span class=\"bumpedFont15\">una mayor presencia y cohesi\u00f3n. <\/span><\/span><\/p>\n<p class=\"s6\">\n<p class=\"s6\"><span class=\"s7\"><span class=\"bumpedFont15\">Mayela Portos reconoci\u00f3 la labor del Gobernador al impulsar tres iniciativas enfocadas en la seguridad y la justicia: la primera, <\/span><\/span><span class=\"s7\"><span class=\"bumpedFont15\">relacionada<\/span><\/span> <span class=\"s7\"><span class=\"bumpedFont15\">con<\/span><\/span><span class=\"s7\"><span class=\"bumpedFont15\"> la homologaci\u00f3n de la Constituci\u00f3n y de nueve leyes del sistema estatal de seguridad con la Ley General del Sistema Nacional de Seguridad P\u00fablica; la segunda, una propuesta para combatir la extorsi\u00f3n, alineada con la legislaci\u00f3n federal; y la tercera, una reforma constitucional orientada a garantizar el acceso efectivo a la justicia<\/span><\/span><span class=\"s7\"><span class=\"bumpedFont15\">, <\/span><\/span><span class=\"s7\"><span class=\"bumpedFont15\">que incluye la elecci\u00f3n de jueces y magistrados en junio de 20<\/span><\/span><span class=\"s7\"><span class=\"bumpedFont15\">27.<\/span><\/span><\/p>\n","protected":false},"excerpt":{"rendered":"<p>La aspiraci\u00f3n de todos los ciudadanos es vivir en una sociedad de derechos y, en este contexto, las y los profesionales de la abogac\u00eda, son pilares que lo sostienen y garantizan la calidad jur\u00eddica, destac\u00f3 el gobernador, Mauricio Kuri Gonz\u00e1lez, al tomar protesta al nuevo ConsejoDirectivo del Colegio de Abogados Litigantes de Quer\u00e9taro, encabezado por Omar Espino Zaraz\u00faa. En su<\/p>\n<div class=\"h10\"><\/div>\n<p><a class=\"more-link2 flat\" href=\"https:\/\/elconspirador.com.mx\/?p=75334\">Leer m\u00e1s<\/a><\/p>\n","protected":false},"author":1,"featured_media":75335,"comment_status":"open","ping_status":"open","sticky":false,"template":"","format":"standard","meta":{"om_disable_all_campaigns":false,"_uf_show_specific_survey":0,"_uf_disable_surveys":false},"categories":[1],"tags":[],"aioseo_notices":[],"_links":{"self":[{"href":"https:\/\/elconspirador.com.mx\/index.php?rest_route=\/wp\/v2\/posts\/75334"}],"collection":[{"href":"https:\/\/elconspirador.com.mx\/index.php?rest_route=\/wp\/v2\/posts"}],"about":[{"href":"https:\/\/elconspirador.com.mx\/index.php?rest_route=\/wp\/v2\/types\/post"}],"author":[{"embeddable":true,"href":"https:\/\/elconspirador.com.mx\/index.php?rest_route=\/wp\/v2\/users\/1"}],"replies":[{"embeddable":true,"href":"https:\/\/elconspirador.com.mx\/index.php?rest_route=%2Fwp%2Fv2%2Fcomments&post=75334"}],"version-history":[{"count":1,"href":"https:\/\/elconspirador.com.mx\/index.php?rest_route=\/wp\/v2\/posts\/75334\/revisions"}],"predecessor-version":[{"id":75336,"href":"https:\/\/elconspirador.com.mx\/index.php?rest_route=\/wp\/v2\/posts\/75334\/revisions\/75336"}],"wp:featuredmedia":[{"embeddable":true,"href":"https:\/\/elconspirador.com.mx\/index.php?rest_route=\/wp\/v2\/media\/75335"}],"wp:attachment":[{"href":"https:\/\/elconspirador.com.mx\/index.php?rest_route=%2Fwp%2Fv2%2Fmedia&parent=75334"}],"wp:term":[{"taxonomy":"category","embeddable":true,"href":"https:\/\/elconspirador.com.mx\/index.php?rest_route=%2Fwp%2Fv2%2Fcategories&post=75334"},{"taxonomy":"post_tag","embeddable":true,"href":"https:\/\/elconspirador.com.mx\/index.php?rest_route=%2Fwp%2Fv2%2Ftags&post=75334"}],"curies":[{"name":"wp","href":"https:\/\/api.w.org\/{rel}","templated":true}]}}