{"id":75346,"date":"2026-03-04T09:43:11","date_gmt":"2026-03-04T15:43:11","guid":{"rendered":"https:\/\/elconspirador.com.mx\/?p=75346"},"modified":"2026-03-04T09:43:11","modified_gmt":"2026-03-04T15:43:11","slug":"hasta-el-10-de-marzo-regresaran-queretanos-varados","status":"publish","type":"post","link":"https:\/\/elconspirador.com.mx\/?p=75346","title":{"rendered":"HASTA EL 10 DE MARZO REGRESAR\u00c1N QUERETANOS VARADOS"},"content":{"rendered":"<p>El secretario de Gobierno del estado, Eric Gudi\u00f1o Torres, inform\u00f3 que ser\u00e1 hasta el pr\u00f3ximo 10 de marzo cuando arriben a M\u00e9xico los primeros queretanos que se encuentran en pa\u00edses asi\u00e1ticos y del Medio Oriente, en medio del conflicto internacional.<\/p>\n<p>Detall\u00f3 que 21 mujeres que se encontraban en la India ya salieron de ese pa\u00eds y arribaron a Tailandia, donde permanecer\u00e1n algunos d\u00edas antes de continuar su trayecto hacia Los \u00c1ngeles y posteriormente a M\u00e9xico.<\/p>\n<p>\u201cYo creo que en el caso de la gente de la India hasta el 10 (de marzo); los de los Emiratos \u00c1rabes, yo creo que hasta mediados del mes estar\u00e1n por aqu\u00ed, derivado de los tiempos\u201d, se\u00f1al\u00f3.<\/p>\n<p>En cuanto a las personas que permanecen en Dub\u00e1i, indic\u00f3 que ya se han logrado asegurar varios vuelos para su salida.<\/p>\n<p>\u201cEn el caso de la gente que est\u00e1 en Dub\u00e1i tenemos ya 54 que ya lograron tambi\u00e9n tener vuelo. Hoy les acaba de notificar la aerol\u00ednea que el d\u00eda 9 salen 36 mexicanos y queretanos, y el resto (21) sale el d\u00eda 10\u201d.<\/p>\n<p>El funcionario explic\u00f3 que la log\u00edstica ha consistido en salir primero de la zona de conflicto hacia otros pa\u00edses de la regi\u00f3n, para posteriormente realizar escalas internacionales que les permitan regresar al continente americano.<\/p>\n<p>Asimismo, advirti\u00f3 que, aunque el espacio a\u00e9reo en la mayor\u00eda de los pa\u00edses \u00e1rabes ya fue reabierto, existe la posibilidad de que vuelva a cerrarse debido a la continuidad del conflicto entre Estados Unidos e Israel en contra de Ir\u00e1n.<\/p>\n<p>Finalmente, aclar\u00f3 que hasta el momento ninguno de los queretanos ha solicitado apoyo econ\u00f3mico al gobierno estatal para cubrir gastos de vuelos o estancias en el extranjero.<\/p>\n","protected":false},"excerpt":{"rendered":"<p>El secretario de Gobierno del estado, Eric Gudi\u00f1o Torres, inform\u00f3 que ser\u00e1 hasta el pr\u00f3ximo 10 de marzo cuando arriben a M\u00e9xico los primeros queretanos que se encuentran en pa\u00edses asi\u00e1ticos y del Medio Oriente, en medio del conflicto internacional. Detall\u00f3 que 21 mujeres que se encontraban en la India ya salieron de ese pa\u00eds y arribaron a Tailandia, donde<\/p>\n<div class=\"h10\"><\/div>\n<p><a class=\"more-link2 flat\" href=\"https:\/\/elconspirador.com.mx\/?p=75346\">Leer m\u00e1s<\/a><\/p>\n","protected":false},"author":1,"featured_media":75347,"comment_status":"open","ping_status":"open","sticky":false,"template":"","format":"standard","meta":{"om_disable_all_campaigns":false,"_uf_show_specific_survey":0,"_uf_disable_surveys":false},"categories":[1],"tags":[],"aioseo_notices":[],"_links":{"self":[{"href":"https:\/\/elconspirador.com.mx\/index.php?rest_route=\/wp\/v2\/posts\/75346"}],"collection":[{"href":"https:\/\/elconspirador.com.mx\/index.php?rest_route=\/wp\/v2\/posts"}],"about":[{"href":"https:\/\/elconspirador.com.mx\/index.php?rest_route=\/wp\/v2\/types\/post"}],"author":[{"embeddable":true,"href":"https:\/\/elconspirador.com.mx\/index.php?rest_route=\/wp\/v2\/users\/1"}],"replies":[{"embeddable":true,"href":"https:\/\/elconspirador.com.mx\/index.php?rest_route=%2Fwp%2Fv2%2Fcomments&post=75346"}],"version-history":[{"count":1,"href":"https:\/\/elconspirador.com.mx\/index.php?rest_route=\/wp\/v2\/posts\/75346\/revisions"}],"predecessor-version":[{"id":75348,"href":"https:\/\/elconspirador.com.mx\/index.php?rest_route=\/wp\/v2\/posts\/75346\/revisions\/75348"}],"wp:featuredmedia":[{"embeddable":true,"href":"https:\/\/elconspirador.com.mx\/index.php?rest_route=\/wp\/v2\/media\/75347"}],"wp:attachment":[{"href":"https:\/\/elconspirador.com.mx\/index.php?rest_route=%2Fwp%2Fv2%2Fmedia&parent=75346"}],"wp:term":[{"taxonomy":"category","embeddable":true,"href":"https:\/\/elconspirador.com.mx\/index.php?rest_route=%2Fwp%2Fv2%2Fcategories&post=75346"},{"taxonomy":"post_tag","embeddable":true,"href":"https:\/\/elconspirador.com.mx\/index.php?rest_route=%2Fwp%2Fv2%2Ftags&post=75346"}],"curies":[{"name":"wp","href":"https:\/\/api.w.org\/{rel}","templated":true}]}}