{"id":75364,"date":"2026-03-03T20:48:15","date_gmt":"2026-03-04T02:48:15","guid":{"rendered":"https:\/\/elconspirador.com.mx\/?p=75364"},"modified":"2026-03-03T20:48:15","modified_gmt":"2026-03-04T02:48:15","slug":"choque-deja-6-heridos-en-huimilpan","status":"publish","type":"post","link":"https:\/\/elconspirador.com.mx\/?p=75364","title":{"rendered":"CHOQUE DEJA 6 HERIDOS EN HUIMILPAN"},"content":{"rendered":"<p>Un saldo final de seis pasajeros lesionados, dos de ellos de gravedad, dej\u00f3 un choque por corte de circulaci\u00f3n entre una camioneta de transporte de personal y un veh\u00edculo cuando ambas unidades circulaban sobre la carretera Estatal 431 a Los Cues, en el acceso a la comunidad de San Antonio La Galera, del Municipio de Huimilpan.<\/p>\n<p>El accidente ocurri\u00f3 minutos antes de las 8:00 de la ma\u00f1ana de este martes, cuando una camioneta de Transporte de Personal, con pasajeros a bordo sin incorporaba de la carretera 431 a la comunidad de San Antonio La Galera. Sin embargo, al realizar la maniobra, un veh\u00edculo que avanzaba en direcci\u00f3n a la autopista 57, impact\u00f3 en el costado y provoc\u00f3 que la unidad quedar\u00e1 sobre el lado del conductor.<\/p>\n<p>De inmediato se dio aviso a los servicios de emergencia, por lo que param\u00e9dicos de Protecci\u00f3n Civil de Huimilpan y de El Marqu\u00e9s, as\u00ed como estatales llegaron al sitio a brindar los primeros auxilios a los involucrados<\/p>\n<p>Despu\u00e9s de una valoraci\u00f3n, se determin\u00f3 el traslado de seis pasajeros, al hospital, dos de ellos presentaban heridas de gravedad a causa del impacto.<\/p>\n<p>Por su parte, elementos de la polic\u00eda estatal y municipales de Huimilpan, resguardaron el sitio para facilitar el trabajo de los socorristas y dar vialidad en el sitio.<\/p>\n<p>Finalmente, una gr\u00faa remolc\u00f3, los veh\u00edculos accidentados al corral\u00f3n para el deslinde de responsabilidades y pago de da\u00f1os.<\/p>\n","protected":false},"excerpt":{"rendered":"<p>Un saldo final de seis pasajeros lesionados, dos de ellos de gravedad, dej\u00f3 un choque por corte de circulaci\u00f3n entre una camioneta de transporte de personal y un veh\u00edculo cuando ambas unidades circulaban sobre la carretera Estatal 431 a Los Cues, en el acceso a la comunidad de San Antonio La Galera, del Municipio de Huimilpan. El accidente ocurri\u00f3 minutos<\/p>\n<div class=\"h10\"><\/div>\n<p><a class=\"more-link2 flat\" href=\"https:\/\/elconspirador.com.mx\/?p=75364\">Leer m\u00e1s<\/a><\/p>\n","protected":false},"author":1,"featured_media":75362,"comment_status":"open","ping_status":"open","sticky":false,"template":"","format":"standard","meta":{"om_disable_all_campaigns":false,"_uf_show_specific_survey":0,"_uf_disable_surveys":false},"categories":[1],"tags":[],"aioseo_notices":[],"_links":{"self":[{"href":"https:\/\/elconspirador.com.mx\/index.php?rest_route=\/wp\/v2\/posts\/75364"}],"collection":[{"href":"https:\/\/elconspirador.com.mx\/index.php?rest_route=\/wp\/v2\/posts"}],"about":[{"href":"https:\/\/elconspirador.com.mx\/index.php?rest_route=\/wp\/v2\/types\/post"}],"author":[{"embeddable":true,"href":"https:\/\/elconspirador.com.mx\/index.php?rest_route=\/wp\/v2\/users\/1"}],"replies":[{"embeddable":true,"href":"https:\/\/elconspirador.com.mx\/index.php?rest_route=%2Fwp%2Fv2%2Fcomments&post=75364"}],"version-history":[{"count":1,"href":"https:\/\/elconspirador.com.mx\/index.php?rest_route=\/wp\/v2\/posts\/75364\/revisions"}],"predecessor-version":[{"id":75382,"href":"https:\/\/elconspirador.com.mx\/index.php?rest_route=\/wp\/v2\/posts\/75364\/revisions\/75382"}],"wp:featuredmedia":[{"embeddable":true,"href":"https:\/\/elconspirador.com.mx\/index.php?rest_route=\/wp\/v2\/media\/75362"}],"wp:attachment":[{"href":"https:\/\/elconspirador.com.mx\/index.php?rest_route=%2Fwp%2Fv2%2Fmedia&parent=75364"}],"wp:term":[{"taxonomy":"category","embeddable":true,"href":"https:\/\/elconspirador.com.mx\/index.php?rest_route=%2Fwp%2Fv2%2Fcategories&post=75364"},{"taxonomy":"post_tag","embeddable":true,"href":"https:\/\/elconspirador.com.mx\/index.php?rest_route=%2Fwp%2Fv2%2Ftags&post=75364"}],"curies":[{"name":"wp","href":"https:\/\/api.w.org\/{rel}","templated":true}]}}