{"id":75369,"date":"2026-03-03T15:10:19","date_gmt":"2026-03-03T21:10:19","guid":{"rendered":"https:\/\/elconspirador.com.mx\/?p=75369"},"modified":"2026-03-03T15:10:19","modified_gmt":"2026-03-03T21:10:19","slug":"transporte-electrico-tendra-30-paradas","status":"publish","type":"post","link":"https:\/\/elconspirador.com.mx\/?p=75369","title":{"rendered":"TRANSPORTE EL\u00c9CTRICO TENDR\u00c1 30 PARADAS"},"content":{"rendered":"<p class=\"p1\">Pese a que ser\u00e1 el hasta el mes de mayo, cuando este listo el nuevo proyecto de transporte el\u00e9ctrico capitalino, autoridades de Quer\u00e9taro confirmaron que habr\u00e1 30 paradas distribuidas en el primer cuadro de la ciudad.<\/p>\n<p class=\"p1\">El municipio de Quer\u00e9taro inform\u00f3 que el nuevo sistema de transporte el\u00e9ctrico proyectado para el primer cuadro de la ciudad contar\u00e1 con 30 paradas estrat\u00e9gicamente distribuidas.<\/p>\n<p class=\"p1\">El secretario de Movilidad, Pedro \u00c1ngeles Luj\u00e1n, detall\u00f3 que las rutas estar\u00e1n conectadas con puntos clave del Centro Hist\u00f3rico y se ubicar\u00e1n cerca de estaciones de QROB\u00daS, as\u00ed como en las inmediaciones de estacionamientos p\u00fablicos, con el prop\u00f3sito de facilitar la intermodalidad.<\/p>\n<p class=\"p1\">El objetivo principal es que las personas puedan dejar su veh\u00edculo en zonas perif\u00e9ricas y trasladarse al Centro sin necesidad de ingresar en autom\u00f3vil, lo que contribuir\u00eda a disminuir la carga vehicular en el primer cuadro.<\/p>\n","protected":false},"excerpt":{"rendered":"<p>Pese a que ser\u00e1 el hasta el mes de mayo, cuando este listo el nuevo proyecto de transporte el\u00e9ctrico capitalino, autoridades de Quer\u00e9taro confirmaron que habr\u00e1 30 paradas distribuidas en el primer cuadro de la ciudad. El municipio de Quer\u00e9taro inform\u00f3 que el nuevo sistema de transporte el\u00e9ctrico proyectado para el primer cuadro de la ciudad contar\u00e1 con 30 paradas<\/p>\n<div class=\"h10\"><\/div>\n<p><a class=\"more-link2 flat\" href=\"https:\/\/elconspirador.com.mx\/?p=75369\">Leer m\u00e1s<\/a><\/p>\n","protected":false},"author":1,"featured_media":75370,"comment_status":"open","ping_status":"open","sticky":false,"template":"","format":"standard","meta":{"om_disable_all_campaigns":false,"_uf_show_specific_survey":0,"_uf_disable_surveys":false},"categories":[1],"tags":[],"aioseo_notices":[],"_links":{"self":[{"href":"https:\/\/elconspirador.com.mx\/index.php?rest_route=\/wp\/v2\/posts\/75369"}],"collection":[{"href":"https:\/\/elconspirador.com.mx\/index.php?rest_route=\/wp\/v2\/posts"}],"about":[{"href":"https:\/\/elconspirador.com.mx\/index.php?rest_route=\/wp\/v2\/types\/post"}],"author":[{"embeddable":true,"href":"https:\/\/elconspirador.com.mx\/index.php?rest_route=\/wp\/v2\/users\/1"}],"replies":[{"embeddable":true,"href":"https:\/\/elconspirador.com.mx\/index.php?rest_route=%2Fwp%2Fv2%2Fcomments&post=75369"}],"version-history":[{"count":2,"href":"https:\/\/elconspirador.com.mx\/index.php?rest_route=\/wp\/v2\/posts\/75369\/revisions"}],"predecessor-version":[{"id":75372,"href":"https:\/\/elconspirador.com.mx\/index.php?rest_route=\/wp\/v2\/posts\/75369\/revisions\/75372"}],"wp:featuredmedia":[{"embeddable":true,"href":"https:\/\/elconspirador.com.mx\/index.php?rest_route=\/wp\/v2\/media\/75370"}],"wp:attachment":[{"href":"https:\/\/elconspirador.com.mx\/index.php?rest_route=%2Fwp%2Fv2%2Fmedia&parent=75369"}],"wp:term":[{"taxonomy":"category","embeddable":true,"href":"https:\/\/elconspirador.com.mx\/index.php?rest_route=%2Fwp%2Fv2%2Fcategories&post=75369"},{"taxonomy":"post_tag","embeddable":true,"href":"https:\/\/elconspirador.com.mx\/index.php?rest_route=%2Fwp%2Fv2%2Ftags&post=75369"}],"curies":[{"name":"wp","href":"https:\/\/api.w.org\/{rel}","templated":true}]}}