{"id":75373,"date":"2026-03-04T12:49:03","date_gmt":"2026-03-04T18:49:03","guid":{"rendered":"https:\/\/elconspirador.com.mx\/?p=75373"},"modified":"2026-03-04T12:49:03","modified_gmt":"2026-03-04T18:49:03","slug":"dif-capitalino-apoyara-a-mas-de-73-organizaciones-sociales","status":"publish","type":"post","link":"https:\/\/elconspirador.com.mx\/?p=75373","title":{"rendered":"DIF CAPITALINO APOYAR\u00c1 A M\u00c1S DE 73 ORGANIZACIONES SOCIALES"},"content":{"rendered":"<p>Este a\u00f1o, la Coordinaci\u00f3n de Vinculaci\u00f3n con Organizaciones de la Sociedad Civil del Sistema Municipal DIF contar\u00e1 con un padr\u00f3n de 73 organizaciones que trabajan en \u00e1mbitos como educaci\u00f3n, salud, discapacidad, atenci\u00f3n a personas con adicciones, casas hogar, acci\u00f3n comunitaria y atenci\u00f3n al adulto mayor para sumar esfuerzos que fortalece la articulaci\u00f3n institucional y consolida el trabajo coordinado en favor de los sectores m\u00e1s vulnerables de la poblaci\u00f3n.<\/p>\n<p>La directora del SMDIF, Gabriela Valencia Garc\u00eda, se\u00f1al\u00f3 que la conformaci\u00f3n de este padr\u00f3n representa un esfuerzo estrat\u00e9gico para brindar una atenci\u00f3n integral y especializada, que impulsa la suma de capacidades, experiencia y compromiso social de cada organizaci\u00f3n participante. A trav\u00e9s de esta vinculaci\u00f3n se optimizan recursos y se ampl\u00eda el alcance de los programas y servicios dirigidos a quienes m\u00e1s lo necesitan.<\/p>\n<p>&#8220;El d\u00eda de hoy, con la suma de estos convenios, refrendamos un modelo claro de este Sistema Municipal DIF: la suma de esfuerzos. Estamos hablando de m\u00e1s de 14 mil beneficiarios directos cada mes. Estamos hablando tambi\u00e9n de familias que encuentran acompa\u00f1amiento, tratamiento, aliento, formaci\u00f3n y, por supuesto, lo m\u00e1s importante, esperanza&#8221;, se\u00f1al\u00f3.<\/p>\n<p>Gabriela Valencia inform\u00f3 que el impacto de este padr\u00f3n alcanza a mujeres embarazadas, beb\u00e9s, ni\u00f1as, ni\u00f1os, adolescentes, j\u00f3venes, personas adultas y personas adultas mayores y esta visi\u00f3n integral permite responder de manera oportuna a las necesidades espec\u00edficas de cada sector.<\/p>\n<p>Entre las instituciones que forman parte de este padr\u00f3n se encuentran La Cima, I.A.P.; Luz de Vida, I.A.P.; Centro de Atenci\u00f3n para Ni\u00f1os con Da\u00f1o Cerebral, A.C.; Fundaci\u00f3n Kristen, A.C.; y Fundaci\u00f3n Queretana Beb\u00e9 Avance, A.C., entre otras organizaciones que son reconocidas por su compromiso, trayectoria y resultados en beneficio de la comunidad, por mencionar algunas.<\/p>\n<p>Con su participaci\u00f3n se fortalece la red de apoyo social, fomenta la corresponsabilidad y promueve una cultura de colaboraci\u00f3n permanente entre sociedad civil y gobierno, orientada a generar mayores oportunidades de desarrollo y bienestar.<\/p>\n<p>Con este trabajo conjunto, la Coordinaci\u00f3n de Vinculaci\u00f3n con Organizaciones de la Sociedad Civil fortalece la colaboraci\u00f3n con las organizaciones participantes y da continuidad a un modelo de atenci\u00f3n cercano, ordenado y con resultados para las familias que m\u00e1s lo necesitan.<\/p>\n","protected":false},"excerpt":{"rendered":"<p>Este a\u00f1o, la Coordinaci\u00f3n de Vinculaci\u00f3n con Organizaciones de la Sociedad Civil del Sistema Municipal DIF contar\u00e1 con un padr\u00f3n de 73 organizaciones que trabajan en \u00e1mbitos como educaci\u00f3n, salud, discapacidad, atenci\u00f3n a personas con adicciones, casas hogar, acci\u00f3n comunitaria y atenci\u00f3n al adulto mayor para sumar esfuerzos que fortalece la articulaci\u00f3n institucional y consolida el trabajo coordinado en favor<\/p>\n<div class=\"h10\"><\/div>\n<p><a class=\"more-link2 flat\" href=\"https:\/\/elconspirador.com.mx\/?p=75373\">Leer m\u00e1s<\/a><\/p>\n","protected":false},"author":1,"featured_media":75374,"comment_status":"open","ping_status":"open","sticky":false,"template":"","format":"standard","meta":{"om_disable_all_campaigns":false,"_uf_show_specific_survey":0,"_uf_disable_surveys":false},"categories":[1],"tags":[],"aioseo_notices":[],"_links":{"self":[{"href":"https:\/\/elconspirador.com.mx\/index.php?rest_route=\/wp\/v2\/posts\/75373"}],"collection":[{"href":"https:\/\/elconspirador.com.mx\/index.php?rest_route=\/wp\/v2\/posts"}],"about":[{"href":"https:\/\/elconspirador.com.mx\/index.php?rest_route=\/wp\/v2\/types\/post"}],"author":[{"embeddable":true,"href":"https:\/\/elconspirador.com.mx\/index.php?rest_route=\/wp\/v2\/users\/1"}],"replies":[{"embeddable":true,"href":"https:\/\/elconspirador.com.mx\/index.php?rest_route=%2Fwp%2Fv2%2Fcomments&post=75373"}],"version-history":[{"count":1,"href":"https:\/\/elconspirador.com.mx\/index.php?rest_route=\/wp\/v2\/posts\/75373\/revisions"}],"predecessor-version":[{"id":75375,"href":"https:\/\/elconspirador.com.mx\/index.php?rest_route=\/wp\/v2\/posts\/75373\/revisions\/75375"}],"wp:featuredmedia":[{"embeddable":true,"href":"https:\/\/elconspirador.com.mx\/index.php?rest_route=\/wp\/v2\/media\/75374"}],"wp:attachment":[{"href":"https:\/\/elconspirador.com.mx\/index.php?rest_route=%2Fwp%2Fv2%2Fmedia&parent=75373"}],"wp:term":[{"taxonomy":"category","embeddable":true,"href":"https:\/\/elconspirador.com.mx\/index.php?rest_route=%2Fwp%2Fv2%2Fcategories&post=75373"},{"taxonomy":"post_tag","embeddable":true,"href":"https:\/\/elconspirador.com.mx\/index.php?rest_route=%2Fwp%2Fv2%2Ftags&post=75373"}],"curies":[{"name":"wp","href":"https:\/\/api.w.org\/{rel}","templated":true}]}}