{"id":75379,"date":"2026-03-03T17:50:04","date_gmt":"2026-03-03T23:50:04","guid":{"rendered":"https:\/\/elconspirador.com.mx\/?p=75379"},"modified":"2026-03-03T17:50:04","modified_gmt":"2026-03-03T23:50:04","slug":"convocan-a-marchar-en-paz-el-proximo-8m","status":"publish","type":"post","link":"https:\/\/elconspirador.com.mx\/?p=75379","title":{"rendered":"CONVOCAN A MARCHAR EN PAZ EL PR\u00d3XIMO 8M"},"content":{"rendered":"<p>Integrantes de la Red Nacional de Mujeres Defensoras de la Paridad en Todo, cap\u00edtulo Quer\u00e9taro, hicieron un llamado a que las manifestaciones del pr\u00f3ximo 8 de marzo se desarrollen de manera pac\u00edfica, en el contexto del D\u00eda Internacional de la Mujer y de las actividades del 3er. Encuentro Estatal de Mujeres Pol\u00edticas Queretanas.<\/p>\n<p>Josefina Meza Espinosa, fundadora nacional de la Red, se\u00f1al\u00f3 que desde hace cuatro a\u00f1os impulsan el contingente \u201cFeministas por la paz\u201d, con el objetivo de ofrecer espacios seguros para mujeres que desean participar en las marchas acompa\u00f1adas de ni\u00f1as y adolescentes .<\/p>\n<p>Indic\u00f3 que la convocatoria busca que las movilizaciones se realicen sin violencia y con un an\u00e1lisis del contexto nacional de seguridad. \u201cYo no veo un feminismo si no es por la paz\u201d, expres\u00f3 durante el pronunciamiento .<\/p>\n<p>La organizaci\u00f3n inform\u00f3 que en el marco del 8 de marzo llevar\u00e1 a cabo foros y mesas de trabajo como parte del 3er. Encuentro Estatal de Mujeres Pol\u00edticas Queretanas, bajo el lema \u201cPor la Paridad llegamos y no nos vamos\u201d, con actividades programadas entre el 6 y el 26 de marzo .<\/p>\n<p>La Red Nacional de Mujeres Defensoras de la Paridad en Todo se conform\u00f3 en 2020 tras la reforma constitucional en materia de paridad y cuenta con presencia en 27 entidades federativas, seg\u00fan el documento difundido por el cap\u00edtulo Quer\u00e9taro.<\/p>\n<p>El llamado a la movilizaci\u00f3n pac\u00edfica se da en un contexto en el que distintos colectivos preparan actividades con motivo del 8M en la capital queretana y otros municipios del estado.<\/p>\n","protected":false},"excerpt":{"rendered":"<p>Integrantes de la Red Nacional de Mujeres Defensoras de la Paridad en Todo, cap\u00edtulo Quer\u00e9taro, hicieron un llamado a que las manifestaciones del pr\u00f3ximo 8 de marzo se desarrollen de manera pac\u00edfica, en el contexto del D\u00eda Internacional de la Mujer y de las actividades del 3er. Encuentro Estatal de Mujeres Pol\u00edticas Queretanas. Josefina Meza Espinosa, fundadora nacional de la<\/p>\n<div class=\"h10\"><\/div>\n<p><a class=\"more-link2 flat\" href=\"https:\/\/elconspirador.com.mx\/?p=75379\">Leer m\u00e1s<\/a><\/p>\n","protected":false},"author":1,"featured_media":75380,"comment_status":"open","ping_status":"open","sticky":false,"template":"","format":"standard","meta":{"om_disable_all_campaigns":false,"_uf_show_specific_survey":0,"_uf_disable_surveys":false},"categories":[1],"tags":[],"aioseo_notices":[],"_links":{"self":[{"href":"https:\/\/elconspirador.com.mx\/index.php?rest_route=\/wp\/v2\/posts\/75379"}],"collection":[{"href":"https:\/\/elconspirador.com.mx\/index.php?rest_route=\/wp\/v2\/posts"}],"about":[{"href":"https:\/\/elconspirador.com.mx\/index.php?rest_route=\/wp\/v2\/types\/post"}],"author":[{"embeddable":true,"href":"https:\/\/elconspirador.com.mx\/index.php?rest_route=\/wp\/v2\/users\/1"}],"replies":[{"embeddable":true,"href":"https:\/\/elconspirador.com.mx\/index.php?rest_route=%2Fwp%2Fv2%2Fcomments&post=75379"}],"version-history":[{"count":1,"href":"https:\/\/elconspirador.com.mx\/index.php?rest_route=\/wp\/v2\/posts\/75379\/revisions"}],"predecessor-version":[{"id":75381,"href":"https:\/\/elconspirador.com.mx\/index.php?rest_route=\/wp\/v2\/posts\/75379\/revisions\/75381"}],"wp:featuredmedia":[{"embeddable":true,"href":"https:\/\/elconspirador.com.mx\/index.php?rest_route=\/wp\/v2\/media\/75380"}],"wp:attachment":[{"href":"https:\/\/elconspirador.com.mx\/index.php?rest_route=%2Fwp%2Fv2%2Fmedia&parent=75379"}],"wp:term":[{"taxonomy":"category","embeddable":true,"href":"https:\/\/elconspirador.com.mx\/index.php?rest_route=%2Fwp%2Fv2%2Fcategories&post=75379"},{"taxonomy":"post_tag","embeddable":true,"href":"https:\/\/elconspirador.com.mx\/index.php?rest_route=%2Fwp%2Fv2%2Ftags&post=75379"}],"curies":[{"name":"wp","href":"https:\/\/api.w.org\/{rel}","templated":true}]}}