{"id":75383,"date":"2026-03-05T07:45:52","date_gmt":"2026-03-05T13:45:52","guid":{"rendered":"https:\/\/elconspirador.com.mx\/?p=75383"},"modified":"2026-03-05T07:45:52","modified_gmt":"2026-03-05T13:45:52","slug":"poes-detiene-a-narcomenudista-2","status":"publish","type":"post","link":"https:\/\/elconspirador.com.mx\/?p=75383","title":{"rendered":"POES DETIENE A NARCOMENUDISTA"},"content":{"rendered":"<p>La Fiscal\u00eda General del Estado de Quer\u00e9taro obtuvo la vinculaci\u00f3n a proceso de un hombre conocido como \u201cEl Rocha\u201d por delitos contra la salud, luego de ser detenido durante un operativo realizado en el marco de la estrategia Sinergia por Quer\u00e9taro.<\/p>\n<p>El 25 de febrero de 2026, autoridades de seguridad en sinergia, encabezadas por esta Fiscal\u00eda ejecutaron ocho diligencias de cateo en la colonia Jurica Pueblo. Durante la intervenci\u00f3n en uno de los domicilios, fue localizado el ahora vinculado en posesi\u00f3n de diversas dosis de narc\u00f3tico, entre ellas coca\u00edna y metanfetamina.<\/p>\n<p>Las investigaciones realizadas por personal adscrito a esta Fiscal\u00eda permitieron adem\u00e1s relacionarlo por su probable intervenci\u00f3n en el delito de da\u00f1os dolosos calificados, espec\u00edficamente con hechos vand\u00e1licos del pasado 22 de febrero, donde el imputado instruy\u00f3 a los adolescentes, ya vinculados por este delito, para ejecutar la quema de un veh\u00edculo en Santa Rosa Jauregui. Derivado de ello, se obtuvo una orden de aprehensi\u00f3n en su contra por este delito.<\/p>\n<p>En audiencia inicial con control de detenci\u00f3n, la autoridad judicial determin\u00f3 vincularlo a proceso por delitos contra la salud, imponiendo como medida cautelar prisi\u00f3n preventiva justificada y estableciendo un plazo de un mes para la investigaci\u00f3n complementaria.<\/p>\n<p>La Fiscal\u00eda General del Estado de Quer\u00e9taro reitera su compromiso de investigar y perseguir los delitos contra la salud y las conductas que generan violencia, fortaleciendo las acciones coordinadas para preservar la seguridad y tranquilidad de las familias queretanas.<\/p>\n","protected":false},"excerpt":{"rendered":"<p>La Fiscal\u00eda General del Estado de Quer\u00e9taro obtuvo la vinculaci\u00f3n a proceso de un hombre conocido como \u201cEl Rocha\u201d por delitos contra la salud, luego de ser detenido durante un operativo realizado en el marco de la estrategia Sinergia por Quer\u00e9taro. El 25 de febrero de 2026, autoridades de seguridad en sinergia, encabezadas por esta Fiscal\u00eda ejecutaron ocho diligencias de<\/p>\n<div class=\"h10\"><\/div>\n<p><a class=\"more-link2 flat\" href=\"https:\/\/elconspirador.com.mx\/?p=75383\">Leer m\u00e1s<\/a><\/p>\n","protected":false},"author":1,"featured_media":75384,"comment_status":"open","ping_status":"open","sticky":false,"template":"","format":"standard","meta":{"om_disable_all_campaigns":false,"_uf_show_specific_survey":0,"_uf_disable_surveys":false},"categories":[1],"tags":[],"aioseo_notices":[],"_links":{"self":[{"href":"https:\/\/elconspirador.com.mx\/index.php?rest_route=\/wp\/v2\/posts\/75383"}],"collection":[{"href":"https:\/\/elconspirador.com.mx\/index.php?rest_route=\/wp\/v2\/posts"}],"about":[{"href":"https:\/\/elconspirador.com.mx\/index.php?rest_route=\/wp\/v2\/types\/post"}],"author":[{"embeddable":true,"href":"https:\/\/elconspirador.com.mx\/index.php?rest_route=\/wp\/v2\/users\/1"}],"replies":[{"embeddable":true,"href":"https:\/\/elconspirador.com.mx\/index.php?rest_route=%2Fwp%2Fv2%2Fcomments&post=75383"}],"version-history":[{"count":1,"href":"https:\/\/elconspirador.com.mx\/index.php?rest_route=\/wp\/v2\/posts\/75383\/revisions"}],"predecessor-version":[{"id":75385,"href":"https:\/\/elconspirador.com.mx\/index.php?rest_route=\/wp\/v2\/posts\/75383\/revisions\/75385"}],"wp:featuredmedia":[{"embeddable":true,"href":"https:\/\/elconspirador.com.mx\/index.php?rest_route=\/wp\/v2\/media\/75384"}],"wp:attachment":[{"href":"https:\/\/elconspirador.com.mx\/index.php?rest_route=%2Fwp%2Fv2%2Fmedia&parent=75383"}],"wp:term":[{"taxonomy":"category","embeddable":true,"href":"https:\/\/elconspirador.com.mx\/index.php?rest_route=%2Fwp%2Fv2%2Fcategories&post=75383"},{"taxonomy":"post_tag","embeddable":true,"href":"https:\/\/elconspirador.com.mx\/index.php?rest_route=%2Fwp%2Fv2%2Ftags&post=75383"}],"curies":[{"name":"wp","href":"https:\/\/api.w.org\/{rel}","templated":true}]}}