{"id":75389,"date":"2026-03-04T18:39:56","date_gmt":"2026-03-05T00:39:56","guid":{"rendered":"https:\/\/elconspirador.com.mx\/?p=75389"},"modified":"2026-03-04T18:39:56","modified_gmt":"2026-03-05T00:39:56","slug":"danan-camaras-de-fotomultas-en-el-fray-junipero-serra","status":"publish","type":"post","link":"https:\/\/elconspirador.com.mx\/?p=75389","title":{"rendered":"DA\u00d1AN C\u00c1MARAS DE FOTOMULTAS EN EL FRAY JUN\u00cdPERO SERRA"},"content":{"rendered":"<p>El secretario de Seguridad Ciudadana, Iovan El\u00edas P\u00e9rez Hern\u00e1ndez, reconoci\u00f3 que una de las estructuras de fotomultas ubicadas en el bulevar Fray Jun\u00edpero Serra result\u00f3 da\u00f1ada luego de que un veh\u00edculo se impactara contra el poste.<\/p>\n<p>El funcionario estatal inform\u00f3 que el conductor ya fue plenamente identificado y que se realizaron las gestiones correspondientes para que asuma su responsabilidad por los da\u00f1os ocasionados.<\/p>\n<p>\u201cS\u00ed hubo efectivamente una situaci\u00f3n con un veh\u00edculo que est\u00e1 identificado plenamente y, bueno, se hicieron tambi\u00e9n las gestiones para que pudiera hacerse responsable\u201d.<\/p>\n<p>No obstante, asegur\u00f3 que la infraestructura fue restituida de inmediato, por lo que las c\u00e1maras ya se encuentran nuevamente en operaci\u00f3n.<\/p>\n<p>Precis\u00f3 que el incidente se deriv\u00f3 de una p\u00e9rdida de control del veh\u00edculo y descart\u00f3 que el conductor se encontrara bajo los efectos del alcohol.<\/p>\n<p>\u201c\u00danicamente una p\u00e9rdida de control, una distracci\u00f3n y se est\u00e1 atendiendo de manera inmediata. Todo lo necesario y lo que tenga que ver con las cuestiones de infracci\u00f3n ya fue aplicado\u201d.<\/p>\n","protected":false},"excerpt":{"rendered":"<p>El secretario de Seguridad Ciudadana, Iovan El\u00edas P\u00e9rez Hern\u00e1ndez, reconoci\u00f3 que una de las estructuras de fotomultas ubicadas en el bulevar Fray Jun\u00edpero Serra result\u00f3 da\u00f1ada luego de que un veh\u00edculo se impactara contra el poste. El funcionario estatal inform\u00f3 que el conductor ya fue plenamente identificado y que se realizaron las gestiones correspondientes para que asuma su responsabilidad por<\/p>\n<div class=\"h10\"><\/div>\n<p><a class=\"more-link2 flat\" href=\"https:\/\/elconspirador.com.mx\/?p=75389\">Leer m\u00e1s<\/a><\/p>\n","protected":false},"author":1,"featured_media":75390,"comment_status":"open","ping_status":"open","sticky":false,"template":"","format":"standard","meta":{"om_disable_all_campaigns":false,"_uf_show_specific_survey":0,"_uf_disable_surveys":false},"categories":[1],"tags":[],"aioseo_notices":[],"_links":{"self":[{"href":"https:\/\/elconspirador.com.mx\/index.php?rest_route=\/wp\/v2\/posts\/75389"}],"collection":[{"href":"https:\/\/elconspirador.com.mx\/index.php?rest_route=\/wp\/v2\/posts"}],"about":[{"href":"https:\/\/elconspirador.com.mx\/index.php?rest_route=\/wp\/v2\/types\/post"}],"author":[{"embeddable":true,"href":"https:\/\/elconspirador.com.mx\/index.php?rest_route=\/wp\/v2\/users\/1"}],"replies":[{"embeddable":true,"href":"https:\/\/elconspirador.com.mx\/index.php?rest_route=%2Fwp%2Fv2%2Fcomments&post=75389"}],"version-history":[{"count":1,"href":"https:\/\/elconspirador.com.mx\/index.php?rest_route=\/wp\/v2\/posts\/75389\/revisions"}],"predecessor-version":[{"id":75391,"href":"https:\/\/elconspirador.com.mx\/index.php?rest_route=\/wp\/v2\/posts\/75389\/revisions\/75391"}],"wp:featuredmedia":[{"embeddable":true,"href":"https:\/\/elconspirador.com.mx\/index.php?rest_route=\/wp\/v2\/media\/75390"}],"wp:attachment":[{"href":"https:\/\/elconspirador.com.mx\/index.php?rest_route=%2Fwp%2Fv2%2Fmedia&parent=75389"}],"wp:term":[{"taxonomy":"category","embeddable":true,"href":"https:\/\/elconspirador.com.mx\/index.php?rest_route=%2Fwp%2Fv2%2Fcategories&post=75389"},{"taxonomy":"post_tag","embeddable":true,"href":"https:\/\/elconspirador.com.mx\/index.php?rest_route=%2Fwp%2Fv2%2Ftags&post=75389"}],"curies":[{"name":"wp","href":"https:\/\/api.w.org\/{rel}","templated":true}]}}