{"id":75392,"date":"2026-03-05T08:59:07","date_gmt":"2026-03-05T14:59:07","guid":{"rendered":"https:\/\/elconspirador.com.mx\/?p=75392"},"modified":"2026-03-05T08:59:07","modified_gmt":"2026-03-05T14:59:07","slug":"fatal-accidente-en-la-57-3","status":"publish","type":"post","link":"https:\/\/elconspirador.com.mx\/?p=75392","title":{"rendered":"FATAL ACCIDENTE EN LA 57"},"content":{"rendered":"<p>La ma\u00f1ana de este mi\u00e9rcoles, se registr\u00f3 un mortal accidente en la carretera feral 57 en direcci\u00f3n a la Ciudad de M\u00e9xico, a la altura del kil\u00f3metro 175 en el municipio de San Juan del R\u00edo.<\/p>\n<p>En fatal accidente se vieron involucrados cuatro veh\u00edculos, los cuales protagonizaron una fuerte carambola, entre los que estaba un cami\u00f3n de transporte de personal, una camioneta y dos autos compactos.<\/p>\n<p>El accidente fue derivado del exceso de velocidad, cuando el tr\u00e1fico se detuvo y los conductores no alcanzaron a frenar, colisionado por alcance entre si, tras el fuerte impacto, dos autos volcaron y una persona sali\u00f3 proyectada de su autom\u00f3vil.<\/p>\n<p>Tras el reporte a la l\u00ednea de emergencias 9-1-1, al lugar se trasladaron param\u00e9dicos de Protecci\u00f3n Civil, Capufe y Cruz Roja, quienes atendieron a los lesionados, confirmando la muerte de la persona que sali\u00f3 proyectada y descartando m\u00e1s lesionados de gravedad.<\/p>\n<p>Elementos de la Guardia Nacional divisi\u00f3n carreteras acudieron como primeros respondientes, quienes acordonaron y abanderaron la zona e informaron a la Fiscal\u00eda del Estado, lo que gener\u00f3 intensa carga vial por var\u00edas horas.<\/p>\n<p>Finalmente peritos procesaron la escena del accidente y levantaron el cuerpo de la v\u00edctima para trasladarlos a las instalaciones del Servicio M\u00e9dico Forense, mientras que los veh\u00edculos fueron trasladados a un corral\u00f3n y los conductores quedaron a disposici\u00f3n de la Fiscal\u00eda, para deslindar responsabilidades.<\/p>\n","protected":false},"excerpt":{"rendered":"<p>La ma\u00f1ana de este mi\u00e9rcoles, se registr\u00f3 un mortal accidente en la carretera feral 57 en direcci\u00f3n a la Ciudad de M\u00e9xico, a la altura del kil\u00f3metro 175 en el municipio de San Juan del R\u00edo. En fatal accidente se vieron involucrados cuatro veh\u00edculos, los cuales protagonizaron una fuerte carambola, entre los que estaba un cami\u00f3n de transporte de personal,<\/p>\n<div class=\"h10\"><\/div>\n<p><a class=\"more-link2 flat\" href=\"https:\/\/elconspirador.com.mx\/?p=75392\">Leer m\u00e1s<\/a><\/p>\n","protected":false},"author":1,"featured_media":75393,"comment_status":"open","ping_status":"open","sticky":false,"template":"","format":"standard","meta":{"om_disable_all_campaigns":false,"_uf_show_specific_survey":0,"_uf_disable_surveys":false},"categories":[1],"tags":[],"aioseo_notices":[],"_links":{"self":[{"href":"https:\/\/elconspirador.com.mx\/index.php?rest_route=\/wp\/v2\/posts\/75392"}],"collection":[{"href":"https:\/\/elconspirador.com.mx\/index.php?rest_route=\/wp\/v2\/posts"}],"about":[{"href":"https:\/\/elconspirador.com.mx\/index.php?rest_route=\/wp\/v2\/types\/post"}],"author":[{"embeddable":true,"href":"https:\/\/elconspirador.com.mx\/index.php?rest_route=\/wp\/v2\/users\/1"}],"replies":[{"embeddable":true,"href":"https:\/\/elconspirador.com.mx\/index.php?rest_route=%2Fwp%2Fv2%2Fcomments&post=75392"}],"version-history":[{"count":1,"href":"https:\/\/elconspirador.com.mx\/index.php?rest_route=\/wp\/v2\/posts\/75392\/revisions"}],"predecessor-version":[{"id":75394,"href":"https:\/\/elconspirador.com.mx\/index.php?rest_route=\/wp\/v2\/posts\/75392\/revisions\/75394"}],"wp:featuredmedia":[{"embeddable":true,"href":"https:\/\/elconspirador.com.mx\/index.php?rest_route=\/wp\/v2\/media\/75393"}],"wp:attachment":[{"href":"https:\/\/elconspirador.com.mx\/index.php?rest_route=%2Fwp%2Fv2%2Fmedia&parent=75392"}],"wp:term":[{"taxonomy":"category","embeddable":true,"href":"https:\/\/elconspirador.com.mx\/index.php?rest_route=%2Fwp%2Fv2%2Fcategories&post=75392"},{"taxonomy":"post_tag","embeddable":true,"href":"https:\/\/elconspirador.com.mx\/index.php?rest_route=%2Fwp%2Fv2%2Ftags&post=75392"}],"curies":[{"name":"wp","href":"https:\/\/api.w.org\/{rel}","templated":true}]}}