{"id":75395,"date":"2026-03-04T13:16:28","date_gmt":"2026-03-04T19:16:28","guid":{"rendered":"https:\/\/elconspirador.com.mx\/?p=75395"},"modified":"2026-03-04T13:16:28","modified_gmt":"2026-03-04T19:16:28","slug":"alcalde-de-corregidora-se-reune-con-colonos-de-tejeda","status":"publish","type":"post","link":"https:\/\/elconspirador.com.mx\/?p=75395","title":{"rendered":"ALCALDE DE CORREGIDORA SE RE\u00daNE CON COLONOS DE TEJEDA"},"content":{"rendered":"<p class=\"s5\"><span class=\"s4\">El presidente municipal de Corregidora, Chepe Guerrero, junto con las y los miembros de su Gabinete, se reuni\u00f3 con los integrantes de la Asociaci\u00f3n de Colonos de Residencial Tejeda, donde escuch\u00f3 las peticiones e inquietudes de los vecinos, principalmente en materia en de obra p\u00fablica, movilidad, seguridad y desarrollo urbano.<\/span><\/p>\n<p class=\"s5\"><span class=\"s4\">\u00a0<\/span><\/p>\n<p class=\"s5\"><span class=\"s4\">Chepe Guerrero reiter\u00f3 su compromiso por <\/span><span class=\"s4\">buscar<\/span><span class=\"s4\"> lo necesario para mejorar la calidad de vida de cada colonia y comunidad<\/span><span class=\"s4\"> de Corregidora<\/span><span class=\"s4\">.<\/span><\/p>\n<p class=\"s5\"><span class=\"s4\">\u00a0<\/span><\/p>\n<p class=\"s5\"><span class=\"s4\">&#8220;No podemos ignorar los problemas, tenemos que verlos, si no ir\u00edamos en contra de lo que pienso que es el Municipio, el cual debe de buscar c\u00f3mo mejorar el nivel de escolaridad, c\u00f3mo abatir los rezagos en pobreza y pobreza extrema y buscar que la gente cada vez viva mejor&#8221;, coment\u00f3.<\/span><\/p>\n<p class=\"s5\"><span class=\"s4\">\u00a0<\/span><\/p>\n<p class=\"s5\"><span class=\"s4\">El presidente de la Asociaci\u00f3n de Colonos Residencial Tejeda, Alejandro Ch\u00e1vez, reconoci\u00f3 la voluntad del Gobierno Municipal por escuchar y atender las peticiones de los vecinos.<\/span><\/p>\n<p class=\"s5\"><span class=\"s4\">\u00a0<\/span><\/p>\n<p class=\"s5\"><span class=\"s4\">A la reuni\u00f3n asistieron: la titular de la Secretar\u00eda Particular, Gabriela Garc\u00eda; el secretario de Seguridad P\u00fablica, \u00c1ngel Rangel; el secretario de Movilidad, David S\u00e1nchez; la secretaria de Obras P\u00fablicas, Viridiana Nava; el secretario de Servicios P\u00fablicos, Carlos Jim\u00e9nez; as\u00ed como David Villa en representaci\u00f3n de la secretaria d<\/span><span class=\"s4\">e Gobierno, Cristina Fern\u00e1ndez <\/span><a name=\"_GoBack\"><\/a><span class=\"s4\">y el coordinador de las Jornadas &#8220;Aqu\u00ed Contigo&#8221;, Alejandro Castillo.<\/span><\/p>\n","protected":false},"excerpt":{"rendered":"<p>El presidente municipal de Corregidora, Chepe Guerrero, junto con las y los miembros de su Gabinete, se reuni\u00f3 con los integrantes de la Asociaci\u00f3n de Colonos de Residencial Tejeda, donde escuch\u00f3 las peticiones e inquietudes de los vecinos, principalmente en materia en de obra p\u00fablica, movilidad, seguridad y desarrollo urbano. \u00a0 Chepe Guerrero reiter\u00f3 su compromiso por buscar lo necesario<\/p>\n<div class=\"h10\"><\/div>\n<p><a class=\"more-link2 flat\" href=\"https:\/\/elconspirador.com.mx\/?p=75395\">Leer m\u00e1s<\/a><\/p>\n","protected":false},"author":1,"featured_media":75396,"comment_status":"open","ping_status":"open","sticky":false,"template":"","format":"standard","meta":{"om_disable_all_campaigns":false,"_uf_show_specific_survey":0,"_uf_disable_surveys":false},"categories":[1],"tags":[],"aioseo_notices":[],"_links":{"self":[{"href":"https:\/\/elconspirador.com.mx\/index.php?rest_route=\/wp\/v2\/posts\/75395"}],"collection":[{"href":"https:\/\/elconspirador.com.mx\/index.php?rest_route=\/wp\/v2\/posts"}],"about":[{"href":"https:\/\/elconspirador.com.mx\/index.php?rest_route=\/wp\/v2\/types\/post"}],"author":[{"embeddable":true,"href":"https:\/\/elconspirador.com.mx\/index.php?rest_route=\/wp\/v2\/users\/1"}],"replies":[{"embeddable":true,"href":"https:\/\/elconspirador.com.mx\/index.php?rest_route=%2Fwp%2Fv2%2Fcomments&post=75395"}],"version-history":[{"count":1,"href":"https:\/\/elconspirador.com.mx\/index.php?rest_route=\/wp\/v2\/posts\/75395\/revisions"}],"predecessor-version":[{"id":75397,"href":"https:\/\/elconspirador.com.mx\/index.php?rest_route=\/wp\/v2\/posts\/75395\/revisions\/75397"}],"wp:featuredmedia":[{"embeddable":true,"href":"https:\/\/elconspirador.com.mx\/index.php?rest_route=\/wp\/v2\/media\/75396"}],"wp:attachment":[{"href":"https:\/\/elconspirador.com.mx\/index.php?rest_route=%2Fwp%2Fv2%2Fmedia&parent=75395"}],"wp:term":[{"taxonomy":"category","embeddable":true,"href":"https:\/\/elconspirador.com.mx\/index.php?rest_route=%2Fwp%2Fv2%2Fcategories&post=75395"},{"taxonomy":"post_tag","embeddable":true,"href":"https:\/\/elconspirador.com.mx\/index.php?rest_route=%2Fwp%2Fv2%2Ftags&post=75395"}],"curies":[{"name":"wp","href":"https:\/\/api.w.org\/{rel}","templated":true}]}}