{"id":75409,"date":"2026-03-04T18:50:36","date_gmt":"2026-03-05T00:50:36","guid":{"rendered":"https:\/\/elconspirador.com.mx\/?p=75409"},"modified":"2026-03-04T18:50:36","modified_gmt":"2026-03-05T00:50:36","slug":"capital-apoyara-a-ciudadanos-que-necesiten-medidas-de-proteccion-urgentes","status":"publish","type":"post","link":"https:\/\/elconspirador.com.mx\/?p=75409","title":{"rendered":"CAPITAL APOYAR\u00c1 A CIUDADANOS QUE NECESITEN MEDIDAS DE PROTECCI\u00d3N \u201cURGENTES\u201d"},"content":{"rendered":"<p>El presidente municipal de Quer\u00e9taro firm\u00f3 un convenio de colaboraci\u00f3n con el Poder Judicial del Estado de Quer\u00e9taro, que encabeza el magistrado presidente, Braulio Mario Guerra Urbiola, para fortalecer la coordinaci\u00f3n institucional y procurar la ejecuci\u00f3n inmediata de medidas de protecci\u00f3n urgentes a favor de personas en situaci\u00f3n de riesgo, mediante el uso de herramientas tecnol\u00f3gicas que optimizan la comunicaci\u00f3n y reducen tiempos de respuesta.<\/p>\n<p>\u201cEste acuerdo responde la l\u00f3gica de nuestro Plan Orden para optimizar la actuaci\u00f3n de la autoridad y tener mejores resultados. Mejoramos nuestra capacidad de respuesta para proteger la integridad de las y los ciudadanos que nos necesitan. En Quer\u00e9taro somos l\u00edderes en seguridad, certidumbre y estado derecho, porque lo construimos con acciones concretas. Aqu\u00ed las personas es situaci\u00f3n de riesgo tienen una respuesta inmediata y profesional\u201d, coment\u00f3.<\/p>\n<p>Felifer Mac\u00edas destac\u00f3 que este acuerdo consolida el trabajo en equipo entre autoridades y permite que las medidas dictadas por la autoridad judicial lleguen de forma electr\u00f3nica a la Secretar\u00eda de Seguridad P\u00fablica Municipal para su atenci\u00f3n inmediata. Adem\u00e1s, se\u00f1al\u00f3 que en la capital la ley est\u00e1 al servicio de la gente y que la protecci\u00f3n de mujeres, ni\u00f1as, ni\u00f1os y familias con acciones concretas que fortalecen la seguridad y el estado de derecho.<\/p>\n<p>El alcalde subray\u00f3 que Quer\u00e9taro mantiene una realidad distinta en materia de seguridad y justicia gracias a la colaboraci\u00f3n entre instituciones, lo que potencia resultados y brinda certidumbre a la ciudadan\u00eda. Por ello, reconoci\u00f3 el impulso del gobernador Mauricio Kuri para fortalecer la coordinaci\u00f3n entre poderes y afirm\u00f3 que este instrumento mejora la capacidad de respuesta del municipio para proteger la integridad de quienes lo necesiten, sin burocracia ni demoras.<\/p>\n<p>El Magistrado Presidente del Poder Judicial, Braulio Guerra Urbiola, se\u00f1al\u00f3 que la colaboraci\u00f3n entre instituciones representa una necesidad en el contexto actual, donde la ciudadan\u00eda exige respuestas prontas y efectivas. Inform\u00f3 que durante el a\u00f1o pasado se dictaron 5 mil 853 medidas urgentes y que en lo que va del presente a\u00f1o ya suman cerca de 600, cifras que reflejan la importancia de mecanismos \u00e1giles y comunicaci\u00f3n digital para salvaguardar a posibles v\u00edctimas y fortalecer la paz social.<\/p>\n<p>\u201cHoy tenemos esta tecnolog\u00eda a nuestra disposici\u00f3n y tenemos una realidad social que merece que nosotros actuemos de manera r\u00e1pida frente a una posible v\u00edctima, frente a una circunstancia social que amerita y que apremia una reacci\u00f3n de las instituciones. Nadie puede estar aislado, nadie puede estar desconectado, todos dependemos de todos y todas las instituciones, como bien lo dice el presidente municipal, necesitamos colaborar estrechamente y tener una comunicaci\u00f3n y tambi\u00e9n compartir dentro nuestras competencias, posibilidades y herramientas, porque el ciudadano quiere respuestas inmediatas y creo que aqu\u00ed se est\u00e1 trabajando en ello\u201d, coment\u00f3.<\/p>\n<p>Finalmente, el secretario de Seguridad P\u00fablica Municipal, Juan Luis Ferrusca Ortiz, indic\u00f3 que el convenio permite agilizar la ejecuci\u00f3n de medidas de protecci\u00f3n urgentes mediante tecnolog\u00eda que optimiza la coordinaci\u00f3n interinstitucional y activa de inmediato al personal especializado. Tambi\u00e9n, precis\u00f3 que esta acci\u00f3n no representa una carga econ\u00f3mica adicional, sino un mejor aprovechamiento de la infraestructura existente, y refuerza la certeza jur\u00eddica, la perspectiva de g\u00e9nero y el respeto a los derechos humanos en beneficio de la ciudadan\u00eda.<\/p>\n","protected":false},"excerpt":{"rendered":"<p>El presidente municipal de Quer\u00e9taro firm\u00f3 un convenio de colaboraci\u00f3n con el Poder Judicial del Estado de Quer\u00e9taro, que encabeza el magistrado presidente, Braulio Mario Guerra Urbiola, para fortalecer la coordinaci\u00f3n institucional y procurar la ejecuci\u00f3n inmediata de medidas de protecci\u00f3n urgentes a favor de personas en situaci\u00f3n de riesgo, mediante el uso de herramientas tecnol\u00f3gicas que optimizan la comunicaci\u00f3n<\/p>\n<div class=\"h10\"><\/div>\n<p><a class=\"more-link2 flat\" href=\"https:\/\/elconspirador.com.mx\/?p=75409\">Leer m\u00e1s<\/a><\/p>\n","protected":false},"author":1,"featured_media":75410,"comment_status":"open","ping_status":"open","sticky":false,"template":"","format":"standard","meta":{"om_disable_all_campaigns":false,"_uf_show_specific_survey":0,"_uf_disable_surveys":false},"categories":[1],"tags":[],"aioseo_notices":[],"_links":{"self":[{"href":"https:\/\/elconspirador.com.mx\/index.php?rest_route=\/wp\/v2\/posts\/75409"}],"collection":[{"href":"https:\/\/elconspirador.com.mx\/index.php?rest_route=\/wp\/v2\/posts"}],"about":[{"href":"https:\/\/elconspirador.com.mx\/index.php?rest_route=\/wp\/v2\/types\/post"}],"author":[{"embeddable":true,"href":"https:\/\/elconspirador.com.mx\/index.php?rest_route=\/wp\/v2\/users\/1"}],"replies":[{"embeddable":true,"href":"https:\/\/elconspirador.com.mx\/index.php?rest_route=%2Fwp%2Fv2%2Fcomments&post=75409"}],"version-history":[{"count":1,"href":"https:\/\/elconspirador.com.mx\/index.php?rest_route=\/wp\/v2\/posts\/75409\/revisions"}],"predecessor-version":[{"id":75411,"href":"https:\/\/elconspirador.com.mx\/index.php?rest_route=\/wp\/v2\/posts\/75409\/revisions\/75411"}],"wp:featuredmedia":[{"embeddable":true,"href":"https:\/\/elconspirador.com.mx\/index.php?rest_route=\/wp\/v2\/media\/75410"}],"wp:attachment":[{"href":"https:\/\/elconspirador.com.mx\/index.php?rest_route=%2Fwp%2Fv2%2Fmedia&parent=75409"}],"wp:term":[{"taxonomy":"category","embeddable":true,"href":"https:\/\/elconspirador.com.mx\/index.php?rest_route=%2Fwp%2Fv2%2Fcategories&post=75409"},{"taxonomy":"post_tag","embeddable":true,"href":"https:\/\/elconspirador.com.mx\/index.php?rest_route=%2Fwp%2Fv2%2Ftags&post=75409"}],"curies":[{"name":"wp","href":"https:\/\/api.w.org\/{rel}","templated":true}]}}