{"id":75412,"date":"2026-03-04T21:53:08","date_gmt":"2026-03-05T03:53:08","guid":{"rendered":"https:\/\/elconspirador.com.mx\/?p=75412"},"modified":"2026-03-04T21:32:52","modified_gmt":"2026-03-05T03:32:52","slug":"uteq-inaugura-laboratorio-de-realidad-inmersiva","status":"publish","type":"post","link":"https:\/\/elconspirador.com.mx\/?p=75412","title":{"rendered":"UTEQ INAUGURA LABORATORIO DE REALIDAD INMERSIVA"},"content":{"rendered":"<p>El presidente municipal de Quer\u00e9taro, Felifer Mac\u00edas, acompa\u00f1\u00f3 al gobernador del estado, Mauricio Kuri Gonz\u00e1lez, a la inauguraci\u00f3n del Laboratorio de Realidad Inmersiva en la Universidad Tecnol\u00f3gica del Estado de Quer\u00e9taro (UTEQ), donde destac\u00f3 que en Quer\u00e9taro la prioridad es fortalecer la formaci\u00f3n de las y los j\u00f3venes con herramientas de vanguardia que impulsen su talento y les permitan enfrentar con \u00e9xito los retos tecnol\u00f3gicos actuales.<\/p>\n<p>\u201cSi hoy GE Vernova est\u00e1 invirtiendo en Quer\u00e9taro, es porque aqu\u00ed las cosas se hacen diferente, aqu\u00ed en Quer\u00e9taro caminamos con visi\u00f3n de futuro y aqu\u00ed en Quer\u00e9taro le damos a los j\u00f3venes las herramientas para adelantarse a los fen\u00f3menos sociales y tecnol\u00f3gicos que se est\u00e1n viviendo, para que puedan dar su m\u00e1ximo potencial y puedan triunfar el d\u00eda de ma\u00f1ana, de manera exitosa y de manera eficiente\u201d, se\u00f1al\u00f3 en continuidad con la estrategia estatal de fortalecimiento industrial tras la reciente apertura de la empresa en la entidad.<\/p>\n<p>Felifer Mac\u00edas invit\u00f3 a las y los j\u00f3venes a aprovechar al m\u00e1ximo el nuevo Laboratorio de Realidad Inmersiva, \u00fanico en una universidad p\u00fablica del estado, y reconoci\u00f3 el respaldo del gobernador Mauricio Kuri por impulsar una visi\u00f3n que fortalece el desarrollo del talento juvenil y consolida a Quer\u00e9taro como referente en innovaci\u00f3n y formaci\u00f3n tecnol\u00f3gica.<\/p>\n<p>El alcalde agreg\u00f3 que, GE Vernova abrir\u00e1 espacios para que las y los j\u00f3venes egresados accedan a oportunidades laborales de manera inmediata y directa, donde podr\u00e1n demostrar sus capacidades y fortalecer su talento en el sector energ\u00e9tico.<\/p>\n<p>El vicepresidente ejecutivo de Gas Power Engineering de GE Vernova, John C. Intile, afirm\u00f3 que la colaboraci\u00f3n entre academia, gobierno e industria permite transformar con mayor rapidez la vida de las personas; muestra de ello es la inauguraci\u00f3n de este laboratorio, que no solo fortalece la formaci\u00f3n de las y los j\u00f3venes, sino que representa el primer paso hacia la transformaci\u00f3n de la industria el\u00e9ctrica.<\/p>\n","protected":false},"excerpt":{"rendered":"<p>El presidente municipal de Quer\u00e9taro, Felifer Mac\u00edas, acompa\u00f1\u00f3 al gobernador del estado, Mauricio Kuri Gonz\u00e1lez, a la inauguraci\u00f3n del Laboratorio de Realidad Inmersiva en la Universidad Tecnol\u00f3gica del Estado de Quer\u00e9taro (UTEQ), donde destac\u00f3 que en Quer\u00e9taro la prioridad es fortalecer la formaci\u00f3n de las y los j\u00f3venes con herramientas de vanguardia que impulsen su talento y les permitan enfrentar<\/p>\n<div class=\"h10\"><\/div>\n<p><a class=\"more-link2 flat\" href=\"https:\/\/elconspirador.com.mx\/?p=75412\">Leer m\u00e1s<\/a><\/p>\n","protected":false},"author":1,"featured_media":75413,"comment_status":"open","ping_status":"open","sticky":false,"template":"","format":"standard","meta":{"om_disable_all_campaigns":false,"_uf_show_specific_survey":0,"_uf_disable_surveys":false},"categories":[1],"tags":[],"aioseo_notices":[],"_links":{"self":[{"href":"https:\/\/elconspirador.com.mx\/index.php?rest_route=\/wp\/v2\/posts\/75412"}],"collection":[{"href":"https:\/\/elconspirador.com.mx\/index.php?rest_route=\/wp\/v2\/posts"}],"about":[{"href":"https:\/\/elconspirador.com.mx\/index.php?rest_route=\/wp\/v2\/types\/post"}],"author":[{"embeddable":true,"href":"https:\/\/elconspirador.com.mx\/index.php?rest_route=\/wp\/v2\/users\/1"}],"replies":[{"embeddable":true,"href":"https:\/\/elconspirador.com.mx\/index.php?rest_route=%2Fwp%2Fv2%2Fcomments&post=75412"}],"version-history":[{"count":1,"href":"https:\/\/elconspirador.com.mx\/index.php?rest_route=\/wp\/v2\/posts\/75412\/revisions"}],"predecessor-version":[{"id":75414,"href":"https:\/\/elconspirador.com.mx\/index.php?rest_route=\/wp\/v2\/posts\/75412\/revisions\/75414"}],"wp:featuredmedia":[{"embeddable":true,"href":"https:\/\/elconspirador.com.mx\/index.php?rest_route=\/wp\/v2\/media\/75413"}],"wp:attachment":[{"href":"https:\/\/elconspirador.com.mx\/index.php?rest_route=%2Fwp%2Fv2%2Fmedia&parent=75412"}],"wp:term":[{"taxonomy":"category","embeddable":true,"href":"https:\/\/elconspirador.com.mx\/index.php?rest_route=%2Fwp%2Fv2%2Fcategories&post=75412"},{"taxonomy":"post_tag","embeddable":true,"href":"https:\/\/elconspirador.com.mx\/index.php?rest_route=%2Fwp%2Fv2%2Ftags&post=75412"}],"curies":[{"name":"wp","href":"https:\/\/api.w.org\/{rel}","templated":true}]}}