{"id":75415,"date":"2026-03-04T18:57:48","date_gmt":"2026-03-05T00:57:48","guid":{"rendered":"https:\/\/elconspirador.com.mx\/?p=75415"},"modified":"2026-03-04T18:57:48","modified_gmt":"2026-03-05T00:57:48","slug":"inauguran-en-queretaro-oficina-de-ge-vernova","status":"publish","type":"post","link":"https:\/\/elconspirador.com.mx\/?p=75415","title":{"rendered":"INAUGURAN EN QUER\u00c9TARO OFICINA DE GE VERNOVA"},"content":{"rendered":"<p class=\"s6\"><span class=\"s7\"><span class=\"bumpedFont15\">Quer\u00e9taro es un centro <\/span><\/span><span class=\"s7\"><span class=\"bumpedFont15\">de alta tecnolog\u00eda, de ingenier\u00eda avanzada, y de talento competitivo a nivel global<\/span><\/span><span class=\"s7\"><span class=\"bumpedFont15\">,<\/span><\/span> <span class=\"s7\"><span class=\"bumpedFont15\">afirm\u00f3<\/span><\/span> <span class=\"s7\"><span class=\"bumpedFont15\">el gobernador, Mauricio Kuri Gonz\u00e1lez, <\/span><\/span><span class=\"s7\"><span class=\"bumpedFont15\">al inaugurar <\/span><\/span><span class=\"s7\"><span class=\"bumpedFont15\">las <\/span><\/span><span class=\"s7\"><span class=\"bumpedFont15\">Oficinas de Ingenier\u00eda de GE <\/span><\/span><span class=\"s7\"><span class=\"bumpedFont15\">Vernova<\/span><\/span><span class=\"s7\"><span class=\"bumpedFont15\">, compa\u00f1\u00eda <\/span><\/span><span class=\"s7\"><span class=\"bumpedFont15\">especializada en <\/span><\/span><span class=\"s7\"><span class=\"bumpedFont15\">la <\/span><\/span><span class=\"s7\"><span class=\"bumpedFont15\">generaci\u00f3n de energ\u00eda, renovables, electrificaci\u00f3n y digitalizaci\u00f3n.<\/span><\/span><\/p>\n<p class=\"s6\"><span class=\"s7\"><span class=\"bumpedFont15\">El mandatario estatal <\/span><\/span><span class=\"s7\"><span class=\"bumpedFont15\">resalt\u00f3 <\/span><\/span><span class=\"s7\"><span class=\"bumpedFont15\">que la <\/span><\/span><span class=\"s7\"><span class=\"bumpedFont15\">apertura de<\/span><\/span><span class=\"s7\"><span class=\"bumpedFont15\"> las oficinas de ingenier\u00eda de GE <\/span><\/span><span class=\"s7\"><span class=\"bumpedFont15\">Vernova<\/span><\/span><span class=\"s7\"><span class=\"bumpedFont15\"> representan la consolidaci\u00f3n de una apuesta estrat\u00e9gica por el conocimiento, la energ\u00eda, y la innovaci\u00f3n.<\/span><\/span> <span class=\"s7\"><span class=\"bumpedFont15\">Destac\u00f3 que el hecho <\/span><\/span><span class=\"s7\"><span class=\"bumpedFont15\">de que esta empresa <\/span><\/span><span class=\"s7\"><span class=\"bumpedFont15\">decida fortalecer su presencia en <\/span><\/span><span class=\"s7\"><span class=\"bumpedFont15\">Quer\u00e9taro<\/span><\/span><span class=\"s7\"><span class=\"bumpedFont15\"> habla de <\/span><\/span><span class=\"s7\"><span class=\"bumpedFont15\">la <\/span><\/span><span class=\"s7\"><span class=\"bumpedFont15\">confianza en <\/span><\/span><span class=\"s7\"><span class=\"bumpedFont15\">la<\/span><\/span><span class=\"s7\"><span class=\"bumpedFont15\"> estabilidad<\/span><\/span><span class=\"s7\"><span class=\"bumpedFont15\"> del estado<\/span><\/span><span class=\"s7\"><span class=\"bumpedFont15\">, en <\/span><\/span><span class=\"s7\"><span class=\"bumpedFont15\">las<\/span><\/span><span class=\"s7\"><span class=\"bumpedFont15\"> instituciones y en el talento de <\/span><\/span><span class=\"s7\"><span class=\"bumpedFont15\">la<\/span><\/span><span class=\"s7\"><span class=\"bumpedFont15\"> gente.<\/span><\/span><\/p>\n<p class=\"s6\"><span class=\"s7\"><span class=\"bumpedFont15\">Detall\u00f3 que <\/span><\/span><span class=\"s7\"><span class=\"bumpedFont15\">adem\u00e1s de dise\u00f1ar <\/span><\/span><span class=\"s7\"><span class=\"bumpedFont15\">soluciones para la generaci\u00f3n de energ\u00eda, tecnolog\u00edas de gas, electrificaci\u00f3n y renovables. <\/span><\/span><span class=\"s7\"><span class=\"bumpedFont15\">En <\/span><\/span><span class=\"s7\"><span class=\"bumpedFont15\">GE<\/span><\/span> <span class=\"s7\"><span class=\"bumpedFont15\">Vernova<\/span><\/span><span class=\"s7\"><span class=\"bumpedFont15\"> se<\/span><\/span><span class=\"s7\"><span class=\"bumpedFont15\"> trabaja en turbinas, en sistemas de control, en materiales avanzados. <\/span><\/span><span class=\"s7\"><span class=\"bumpedFont15\">En esta organizaci\u00f3n, dijo, se <\/span><\/span><span class=\"s7\"><span class=\"bumpedFont15\">construye conocimiento que impacta mercados internacionales.<\/span><\/span><\/p>\n<p class=\"s6\"><span class=\"s7\"><span class=\"bumpedFont15\">\u201cQuer\u00e9taro ha entendido que la competitividad no se improvisa: se planea; se invierte;<\/span><\/span><span class=\"s7\"><span class=\"bumpedFont15\"> y sobre todo,<\/span><\/span><span class=\"s7\"><span class=\"bumpedFont15\"> se protege. Somos una de las entidades con mayor dinamismo en inversi\u00f3n extranjera de origen estadounidense y <\/span><\/span><span class=\"s7\"><span class=\"bumpedFont15\">no<\/span><\/span><span class=\"s7\"><span class=\"bumpedFont15\">competimos con salarios bajos. Competimos con talento. Competimos con capacidades t\u00e9cnicas. Competimos con estabilidad y certeza jur\u00eddica\u201d, apunt\u00f3. <\/span><\/span><\/p>\n<p class=\"s6\"><span class=\"s7\"><span class=\"bumpedFont15\">Coment\u00f3 que en materia energ\u00e9tica, la entidad <\/span><\/span><span class=\"s7\"><span class=\"bumpedFont15\">cuenta con infraestructura s\u00f3lida, con subestaciones de potencia, l\u00edneas de transmisi\u00f3n estrat\u00e9gicas, y una capacidad instalada relevante para sostener el crecimiento industrial.<\/span><\/span><\/p>\n<p class=\"s6\"><span class=\"s7\"><span class=\"bumpedFont15\">\u201c<\/span><\/span><span class=\"s7\"><span class=\"bumpedFont15\">Sabemos que la energ\u00eda es columna vertebral del desarrollo econ\u00f3mico. Por eso celebramos que una empresa global, con 85 mil colaboradores en m\u00e1s de 100 pa\u00edses, fortalezca desde Quer\u00e9taro su ingenier\u00eda para el resto del mundo<\/span><\/span><span class=\"s7\"><span class=\"bumpedFont15\">\u201d, enfatiz\u00f3.<\/span><\/span><\/p>\n<p class=\"s6\"><span class=\"s7\"><span class=\"bumpedFont15\">A\u00f1adi\u00f3 que en Quer\u00e9taro <\/span><\/span><span class=\"s7\"><span class=\"bumpedFont15\">hay <\/span><\/span><span class=\"s7\"><span class=\"bumpedFont15\">u<\/span><\/span><span class=\"s7\"><span class=\"bumpedFont15\">niversidades<\/span><\/span><span class=\"s7\"><span class=\"bumpedFont15\">, centros de investigaci\u00f3n, <\/span><\/span><span class=\"s7\"><span class=\"bumpedFont15\">cl\u00fasteres<\/span><\/span><span class=\"s7\"><span class=\"bumpedFont15\"> industriales y una cultura de colaboraci\u00f3n entre empresas, academia y gobierno, que ofrece resultados tangibles. En este marco, <\/span><\/span><span class=\"s7\"><span class=\"bumpedFont15\">asegur\u00f3 que desde el<\/span><\/span><span class=\"s7\"><span class=\"bumpedFont15\"> Gobierno del Estado, seguir<\/span><\/span><span class=\"s7\"><span class=\"bumpedFont15\">\u00e1<\/span><\/span><span class=\"s7\"><span class=\"bumpedFont15\"> impulsando las condiciones para que la alta tecnolog\u00eda encuentre<\/span><\/span><span class=\"s7\"><span class=\"bumpedFont15\"> aqu\u00ed<\/span><\/span><span class=\"s7\"><span class=\"bumpedFont15\"> su mejor plataforma de crecimiento.<\/span><\/span><\/p>\n<p class=\"s6\"><span class=\"s7\"><span class=\"bumpedFont15\">El presidente ejecutivo <\/span><\/span><span class=\"s7\"><span class=\"bumpedFont15\">Power <\/span><\/span><span class=\"s7\"><span class=\"bumpedFont15\">Segment<\/span><\/span><span class=\"s7\"><span class=\"bumpedFont15\"> de GE <\/span><\/span><span class=\"s7\"><span class=\"bumpedFont15\">Vernova<\/span><\/span><span class=\"s7\"><span class=\"bumpedFont15\">, <\/span><\/span><span class=\"s7\"><span class=\"bumpedFont15\">Eric D. Gray,<\/span><\/span> <span class=\"s7\"><span class=\"bumpedFont15\">celebr\u00f3 <\/span><\/span><span class=\"s7\"><span class=\"bumpedFont15\">los 130 <\/span><\/span><span class=\"s7\"><span class=\"bumpedFont15\">a\u00f1os <\/span><\/span><span class=\"s7\"><span class=\"bumpedFont15\">de GE en el pa\u00eds, <\/span><\/span><span class=\"s7\"><span class=\"bumpedFont15\">as\u00ed como la reciente <\/span><\/span><span class=\"s7\"><span class=\"bumpedFont15\">adquisici\u00f3n de <\/span><\/span><span class=\"s7\"><span class=\"bumpedFont15\">Prolec<\/span><\/span><span class=\"s7\"><span class=\"bumpedFont15\"> GE<\/span><\/span><span class=\"s15\"><span class=\"bumpedFont15\">.<\/span><\/span> <span class=\"s7\"><span class=\"bumpedFont15\">Asimismo, expres\u00f3 su satisfacci\u00f3n por la apertura de las nuevas oficinas en Quer\u00e9taro, donde la empresa suma ya 27 a\u00f1os de operaciones.<\/span><\/span><\/p>\n<p class=\"s6\"><span class=\"s7\"><span class=\"bumpedFont15\">Durante su mensaje, reconoci\u00f3 el trabajo de los ingenieros queretanos, al destacar que su labor no solo ha sido fundamental para impulsar y consolidar los proyectos <\/span><\/span><span class=\"s7\"><span class=\"bumpedFont15\">en<\/span><\/span><span class=\"s7\"><span class=\"bumpedFont15\">M\u00e9xico, sino que <\/span><\/span><span class=\"s7\"><span class=\"bumpedFont15\">su talento <\/span><\/span><span class=\"s7\"><span class=\"bumpedFont15\">tambi\u00e9n ha cobrado relevancia a nivel internacional<\/span><\/span><span class=\"s7\"><span class=\"bumpedFont15\">.<\/span><\/span><\/p>\n<p class=\"s6\"><span class=\"s7\"><span class=\"bumpedFont15\">A su vez, el director de Tecnolog\u00eda <\/span><\/span><span class=\"s7\"><span class=\"bumpedFont15\">y gerente <\/span><\/span><span class=\"s7\"><span class=\"bumpedFont15\">general de <\/span><\/span><span class=\"s7\"><span class=\"bumpedFont15\">Gas Power <\/span><\/span><span class=\"s7\"><span class=\"bumpedFont15\">Engineering<\/span><\/span><span class=\"s7\"><span class=\"bumpedFont15\"> de GE <\/span><\/span><span class=\"s7\"><span class=\"bumpedFont15\">Vernova<\/span><\/span><span class=\"s7\"><span class=\"bumpedFont15\"> M\u00e9xico<\/span><\/span><span class=\"s7\"><span class=\"bumpedFont15\">,<\/span><\/span> <span class=\"s7\"><span class=\"bumpedFont15\">Juan Antonio <\/span><\/span><span class=\"s7\"><span class=\"bumpedFont15\">Asencio<\/span><\/span><span class=\"s7\"><span class=\"bumpedFont15\"> Armenta<\/span><\/span><span class=\"s7\"><span class=\"bumpedFont15\">,<\/span><\/span><span class=\"s7\"><span class=\"bumpedFont15\"> record\u00f3 <\/span><\/span><span class=\"s7\"><span class=\"bumpedFont15\">que la divisi\u00f3n de Energy fue la primera <\/span><\/span><span class=\"s7\"><span class=\"bumpedFont15\">en apostar decididamente en Quer\u00e9taro<\/span><\/span><span class=\"s7\"><span class=\"bumpedFont15\">, y fue gracias a ese <\/span><\/span><span class=\"s7\"><span class=\"bumpedFont15\">\u00e9xito rotundo de esa primera incursi\u00f3n, <\/span><\/span><span class=\"s7\"><span class=\"bumpedFont15\">que se <\/span><\/span><span class=\"s7\"><span class=\"bumpedFont15\">demostr<\/span><\/span><span class=\"s7\"><span class=\"bumpedFont15\">\u00f3 <\/span><\/span><span class=\"s7\"><span class=\"bumpedFont15\">que <\/span><\/span><span class=\"s7\"><span class=\"bumpedFont15\">en el estado hab\u00eda<\/span><\/span><span class=\"s7\"><span class=\"bumpedFont15\"> terreno f\u00e9rtil para la alta tecnolog\u00eda y la innovaci\u00f3n, abriendo la puerta para que otras divisiones de la empresa llegaran a fortalecer ese ecosistema industrial que <\/span><\/span><span class=\"s7\"><span class=\"bumpedFont15\">al<\/span><\/span><span class=\"s7\"><span class=\"bumpedFont15\"> d\u00eda de hoy es referente nacional e internacional<\/span><\/span><span class=\"s7\"><span class=\"bumpedFont15\">. <\/span><\/span><\/p>\n<p class=\"s6\"><span class=\"s7\"><span class=\"bumpedFont15\">\u201cLo que hoy inauguramos, ante todo, es una apuesta por el talento mexicano. En GE <\/span><\/span><span class=\"s7\"><span class=\"bumpedFont15\">Vernova<\/span><\/span><span class=\"s7\"><span class=\"bumpedFont15\"> estamos convencidos que sumar capacidades con el sector p\u00fablico, con la academia y con nuestros clientes es la \u00fanica manera de avanzar hacia el progreso.<\/span><\/span> <span class=\"s7\"><span class=\"bumpedFont15\">Hace 130 a\u00f1os encendimos la primera luz de <\/span><\/span><span class=\"s7\"><span class=\"bumpedFont15\">GE <\/span><\/span><span class=\"s7\"><span class=\"bumpedFont15\">Vernova<\/span><\/span><span class=\"s7\"><span class=\"bumpedFont15\"> en M\u00e9xico. Renovamos ese compromiso para que la luz siga guiando la innovaci\u00f3n global desde el coraz\u00f3n de M\u00e9xico, desde Quer\u00e9taro<\/span><\/span><span class=\"s7\"><span class=\"bumpedFont15\">\u201d, <\/span><\/span><span class=\"s7\"><span class=\"bumpedFont15\">ponder\u00f3.<\/span><\/span><\/p>\n<p class=\"s6\"><span class=\"s7\"><span class=\"bumpedFont15\">Las oficinas <\/span><\/span><span class=\"s7\"><span class=\"bumpedFont15\">de GE <\/span><\/span><span class=\"s7\"><span class=\"bumpedFont15\">Vernova<\/span><\/span> <span class=\"s7\"><span class=\"bumpedFont15\">son<\/span><\/span><span class=\"s7\"><span class=\"bumpedFont15\"> centro clave<\/span><\/span><span class=\"s7\"><span class=\"bumpedFont15\"> para la innovaci\u00f3n, que proporciona un apoyo fundamental al segmento de energ\u00eda, incluyendo el mantenimiento <\/span><\/span><span class=\"s7\"><span class=\"bumpedFont15\">planificado y no planificado,<\/span><\/span> <span class=\"s7\"><span class=\"bumpedFont15\">las actualizaciones de equipos y las adaptaciones para clientes de todo el mundo. El <\/span><\/span><span class=\"s7\"><span class=\"bumpedFont15\">Centro Tecnol\u00f3gico de Quer\u00e9taro<\/span><\/span><span class=\"s7\"><span class=\"bumpedFont15\">, ubicado<\/span><\/span><span class=\"s7\"><span class=\"bumpedFont15\"> en <\/span><\/span><span class=\"s7\"><span class=\"bumpedFont15\">Uptown<\/span><\/span> <span class=\"s7\"><span class=\"bumpedFont15\">Juriquilla<\/span><\/span><span class=\"s7\"><span class=\"bumpedFont15\">, <\/span><\/span><span class=\"s7\"><span class=\"bumpedFont15\">integra capacidades en simulaci\u00f3n digital, validaci\u00f3n de software, an\u00e1lisis de materiales,<\/span><\/span> <span class=\"s7\"><span class=\"bumpedFont15\">fabricaci\u00f3n aditiva y realidad aumentada<\/span><\/span><span class=\"s7\"><span class=\"bumpedFont15\">.<\/span><\/span><\/p>\n<p class=\"s6\"><span class=\"s7\"><span class=\"bumpedFont15\">Las nuevas instalaciones integran capacidades avanzadas, como un Centro Digital de Atenci\u00f3n<\/span><\/span><span class=\"s7\"><span class=\"bumpedFont15\"> al<\/span><\/span><span class=\"s7\"><span class=\"bumpedFont15\"> Cliente para la simulaci\u00f3n y validaci\u00f3n de software; un Laboratorio de Controles para pruebas<\/span><\/span> <span class=\"s7\"><span class=\"bumpedFont15\">y asistencia remota; un Laboratorio de Materiales para el an\u00e1lisis de causas ra\u00edz en Am\u00e9rica<\/span><\/span><span class=\"s7\"><span class=\"bumpedFont15\">Latina con tiempos y costes log\u00edsticos reducidos, y capacidades de fabricaci\u00f3n aditiva (impresi\u00f3n<\/span><\/span> <span class=\"s7\"><span class=\"bumpedFont15\">3D). <\/span><\/span><\/p>\n<p class=\"s6\"><span class=\"s7\"><span class=\"bumpedFont15\">En el marco de la inauguraci\u00f3n de las nuevas oficinas, el titular del Poder Ejecutivo estatal, acompa\u00f1ado por los directivos de la empresa<\/span><\/span><span class=\"s7\"><span class=\"bumpedFont15\"> y funcionarios estatales<\/span><\/span><span class=\"s7\"><span class=\"bumpedFont15\">, realiz\u00f3 un recorrido por las instalaciones, donde conoci\u00f3 las distintas \u00e1reas operativas<\/span><\/span> <span class=\"s7\"><span class=\"bumpedFont15\">y destac\u00f3 la importancia del proyecto para el desarrollo <\/span><\/span><span class=\"s7\"><span class=\"bumpedFont15\">de Quer\u00e9taro. \u00a0<\/span><\/span><\/p>\n","protected":false},"excerpt":{"rendered":"<p>Quer\u00e9taro es un centro de alta tecnolog\u00eda, de ingenier\u00eda avanzada, y de talento competitivo a nivel global, afirm\u00f3 el gobernador, Mauricio Kuri Gonz\u00e1lez, al inaugurar las Oficinas de Ingenier\u00eda de GE Vernova, compa\u00f1\u00eda especializada en la generaci\u00f3n de energ\u00eda, renovables, electrificaci\u00f3n y digitalizaci\u00f3n. El mandatario estatal resalt\u00f3 que la apertura de las oficinas de ingenier\u00eda de GE Vernova representan la<\/p>\n<div class=\"h10\"><\/div>\n<p><a class=\"more-link2 flat\" href=\"https:\/\/elconspirador.com.mx\/?p=75415\">Leer m\u00e1s<\/a><\/p>\n","protected":false},"author":1,"featured_media":75418,"comment_status":"open","ping_status":"open","sticky":false,"template":"","format":"standard","meta":{"om_disable_all_campaigns":false,"_uf_show_specific_survey":0,"_uf_disable_surveys":false},"categories":[1],"tags":[],"aioseo_notices":[],"_links":{"self":[{"href":"https:\/\/elconspirador.com.mx\/index.php?rest_route=\/wp\/v2\/posts\/75415"}],"collection":[{"href":"https:\/\/elconspirador.com.mx\/index.php?rest_route=\/wp\/v2\/posts"}],"about":[{"href":"https:\/\/elconspirador.com.mx\/index.php?rest_route=\/wp\/v2\/types\/post"}],"author":[{"embeddable":true,"href":"https:\/\/elconspirador.com.mx\/index.php?rest_route=\/wp\/v2\/users\/1"}],"replies":[{"embeddable":true,"href":"https:\/\/elconspirador.com.mx\/index.php?rest_route=%2Fwp%2Fv2%2Fcomments&post=75415"}],"version-history":[{"count":1,"href":"https:\/\/elconspirador.com.mx\/index.php?rest_route=\/wp\/v2\/posts\/75415\/revisions"}],"predecessor-version":[{"id":75419,"href":"https:\/\/elconspirador.com.mx\/index.php?rest_route=\/wp\/v2\/posts\/75415\/revisions\/75419"}],"wp:featuredmedia":[{"embeddable":true,"href":"https:\/\/elconspirador.com.mx\/index.php?rest_route=\/wp\/v2\/media\/75418"}],"wp:attachment":[{"href":"https:\/\/elconspirador.com.mx\/index.php?rest_route=%2Fwp%2Fv2%2Fmedia&parent=75415"}],"wp:term":[{"taxonomy":"category","embeddable":true,"href":"https:\/\/elconspirador.com.mx\/index.php?rest_route=%2Fwp%2Fv2%2Fcategories&post=75415"},{"taxonomy":"post_tag","embeddable":true,"href":"https:\/\/elconspirador.com.mx\/index.php?rest_route=%2Fwp%2Fv2%2Ftags&post=75415"}],"curies":[{"name":"wp","href":"https:\/\/api.w.org\/{rel}","templated":true}]}}