{"id":75423,"date":"2026-03-05T12:15:07","date_gmt":"2026-03-05T18:15:07","guid":{"rendered":"https:\/\/elconspirador.com.mx\/?p=75423"},"modified":"2026-03-05T12:15:07","modified_gmt":"2026-03-05T18:15:07","slug":"detienen-a-presunto-homicida-de-el-marques","status":"publish","type":"post","link":"https:\/\/elconspirador.com.mx\/?p=75423","title":{"rendered":"DETIENEN A PRESUNTO HOMICIDA DE EL MARQU\u00c9S"},"content":{"rendered":"<p>La Fiscal\u00eda General del Estado de Quer\u00e9taro, a trav\u00e9s de la Unidad Especializada en la Investigaci\u00f3n de Homicidios y la Polic\u00eda de Investigaci\u00f3n del Delito, con apoyo de la Polic\u00eda Municipal de El Marqu\u00e9s, dio cumplimiento a una orden de aprehensi\u00f3n en contra de Guadalupe \u201cN\u201d, por el delito de homicidio calificado.<\/p>\n<p>Los hechos se relacionan con la agresi\u00f3n registrada el 28 de febrero de 2026 en la comunidad de El Colorado, municipio de El Marqu\u00e9s, donde un hombre identificado result\u00f3 lesionado al ser arrollado por el veh\u00edculo que conduc\u00eda el imputado. La v\u00edctima fue trasladada a un hospital, donde posteriormente se confirm\u00f3 su fallecimiento a consecuencia de las lesiones.<\/p>\n<p>Derivado de los actos de investigaci\u00f3n realizados por personal ministerial y de la Polic\u00eda de Investigaci\u00f3n del Delito, se logr\u00f3 establecer la probable autor\u00eda del imputado en los hechos, por lo que se solicit\u00f3 y obtuvo la orden de aprehensi\u00f3n correspondiente.<\/p>\n<p>La detenci\u00f3n se realiz\u00f3 el 3 de marzo de 2026, en Avenida Paseo de las Pitahayas, en un \u00e1rea de estacionamiento de un centro comercial ubicado dentro de una zona residencial, en el municipio de El Marqu\u00e9s. Esta orden de aprehensi\u00f3n fue cumplimentada en Sinergia con la Unidad Especializada en Atenci\u00f3n a V\u00edctimas, perteneciente a la Polic\u00eda Municipal de el Marqu\u00e9s.<\/p>\n<p>La Fiscal\u00eda General del Estado informa que el detenido fue puesto a disposici\u00f3n de la autoridad judicial correspondiente y que las investigaciones contin\u00faan para el total esclarecimiento de los hechos.<\/p>\n","protected":false},"excerpt":{"rendered":"<p>La Fiscal\u00eda General del Estado de Quer\u00e9taro, a trav\u00e9s de la Unidad Especializada en la Investigaci\u00f3n de Homicidios y la Polic\u00eda de Investigaci\u00f3n del Delito, con apoyo de la Polic\u00eda Municipal de El Marqu\u00e9s, dio cumplimiento a una orden de aprehensi\u00f3n en contra de Guadalupe \u201cN\u201d, por el delito de homicidio calificado. Los hechos se relacionan con la agresi\u00f3n registrada<\/p>\n<div class=\"h10\"><\/div>\n<p><a class=\"more-link2 flat\" href=\"https:\/\/elconspirador.com.mx\/?p=75423\">Leer m\u00e1s<\/a><\/p>\n","protected":false},"author":1,"featured_media":75424,"comment_status":"open","ping_status":"open","sticky":false,"template":"","format":"standard","meta":{"om_disable_all_campaigns":false,"_uf_show_specific_survey":0,"_uf_disable_surveys":false},"categories":[1],"tags":[],"aioseo_notices":[],"_links":{"self":[{"href":"https:\/\/elconspirador.com.mx\/index.php?rest_route=\/wp\/v2\/posts\/75423"}],"collection":[{"href":"https:\/\/elconspirador.com.mx\/index.php?rest_route=\/wp\/v2\/posts"}],"about":[{"href":"https:\/\/elconspirador.com.mx\/index.php?rest_route=\/wp\/v2\/types\/post"}],"author":[{"embeddable":true,"href":"https:\/\/elconspirador.com.mx\/index.php?rest_route=\/wp\/v2\/users\/1"}],"replies":[{"embeddable":true,"href":"https:\/\/elconspirador.com.mx\/index.php?rest_route=%2Fwp%2Fv2%2Fcomments&post=75423"}],"version-history":[{"count":1,"href":"https:\/\/elconspirador.com.mx\/index.php?rest_route=\/wp\/v2\/posts\/75423\/revisions"}],"predecessor-version":[{"id":75425,"href":"https:\/\/elconspirador.com.mx\/index.php?rest_route=\/wp\/v2\/posts\/75423\/revisions\/75425"}],"wp:featuredmedia":[{"embeddable":true,"href":"https:\/\/elconspirador.com.mx\/index.php?rest_route=\/wp\/v2\/media\/75424"}],"wp:attachment":[{"href":"https:\/\/elconspirador.com.mx\/index.php?rest_route=%2Fwp%2Fv2%2Fmedia&parent=75423"}],"wp:term":[{"taxonomy":"category","embeddable":true,"href":"https:\/\/elconspirador.com.mx\/index.php?rest_route=%2Fwp%2Fv2%2Fcategories&post=75423"},{"taxonomy":"post_tag","embeddable":true,"href":"https:\/\/elconspirador.com.mx\/index.php?rest_route=%2Fwp%2Fv2%2Ftags&post=75423"}],"curies":[{"name":"wp","href":"https:\/\/api.w.org\/{rel}","templated":true}]}}