{"id":75434,"date":"2026-03-06T08:01:57","date_gmt":"2026-03-06T14:01:57","guid":{"rendered":"https:\/\/elconspirador.com.mx\/?p=75434"},"modified":"2026-03-06T08:01:57","modified_gmt":"2026-03-06T14:01:57","slug":"habra-marchas-del-8m-en-10-municipios-queretanos","status":"publish","type":"post","link":"https:\/\/elconspirador.com.mx\/?p=75434","title":{"rendered":"HABR\u00c1 MARCHAS DEL 8M EN 10 MUNICIPIOS QUERETANOS"},"content":{"rendered":"<p>El secretario de Gobierno del estado, Eric Gudi\u00f1o Torres, inform\u00f3 que adem\u00e1s de la capital queretana, diversos municipios del estado prev\u00e9n la realizaci\u00f3n de marchas de colectivos feministas con motivo del 8 de marzo, D\u00eda Internacional de la Mujer.<\/p>\n<p>Detall\u00f3 que se tiene conocimiento de movilizaciones en municipios como Col\u00f3n, Tequisquiapan, Pinal de Amoles, Landa de Matamoros, San Juan del R\u00edo, Cadereyta, Tolim\u00e1n, Amealco, Jalpan y Ezequiel Montes.<\/p>\n<p>En ese sentido, asegur\u00f3 que las autoridades estatales han mantenido di\u00e1logo con algunos de los colectivos que participar\u00e1n en estas movilizaciones.<\/p>\n<p>\u201cHemos tenido acercamientos con todos aquellos colectivos que nos han permitido platicar, dialogar, y es una labor que estaremos haciendo en la Secretar\u00eda de Gobierno\u201d.<\/p>\n<p>En la capital del estado tambi\u00e9n se contemplan diversas convocatorias para marchar. Entre ellas, una concentraci\u00f3n en la Alameda Hidalgo a las 15:00 horas, otra en Plaza Constituci\u00f3n, en el Jard\u00edn Guerrero, as\u00ed como un grupo que partir\u00e1 de la zona de Los Arcos.<\/p>\n<p>El funcionario estatal indic\u00f3 que ya se encuentra listo un operativo de acompa\u00f1amiento por parte de distintas dependencias estatales para brindar apoyo durante las movilizaciones.<\/p>\n<p>\u201cSe tienen previstas una serie de marchas en algunos municipios y por supuesto aqu\u00ed en la capital, las cuales se estar\u00e1n acompa\u00f1ando de personal de Protecci\u00f3n Civil, de la Subsecretar\u00eda de Derechos Humanos, Secretar\u00eda de la Mujer y Secretar\u00eda de Gobierno\u201d.<\/p>\n<p>Finalmente, precis\u00f3 que la mayor\u00eda del personal que participar\u00e1 en el acompa\u00f1amiento ser\u00e1 femenino y dar\u00e1 seguimiento a las marchas desde su inicio hasta la conclusi\u00f3n de los recorridos, tanto en la capital como en el resto de los municipios.<\/p>\n","protected":false},"excerpt":{"rendered":"<p>El secretario de Gobierno del estado, Eric Gudi\u00f1o Torres, inform\u00f3 que adem\u00e1s de la capital queretana, diversos municipios del estado prev\u00e9n la realizaci\u00f3n de marchas de colectivos feministas con motivo del 8 de marzo, D\u00eda Internacional de la Mujer. Detall\u00f3 que se tiene conocimiento de movilizaciones en municipios como Col\u00f3n, Tequisquiapan, Pinal de Amoles, Landa de Matamoros, San Juan del<\/p>\n<div class=\"h10\"><\/div>\n<p><a class=\"more-link2 flat\" href=\"https:\/\/elconspirador.com.mx\/?p=75434\">Leer m\u00e1s<\/a><\/p>\n","protected":false},"author":1,"featured_media":75435,"comment_status":"open","ping_status":"open","sticky":false,"template":"","format":"standard","meta":{"om_disable_all_campaigns":false,"_uf_show_specific_survey":0,"_uf_disable_surveys":false},"categories":[1],"tags":[],"aioseo_notices":[],"_links":{"self":[{"href":"https:\/\/elconspirador.com.mx\/index.php?rest_route=\/wp\/v2\/posts\/75434"}],"collection":[{"href":"https:\/\/elconspirador.com.mx\/index.php?rest_route=\/wp\/v2\/posts"}],"about":[{"href":"https:\/\/elconspirador.com.mx\/index.php?rest_route=\/wp\/v2\/types\/post"}],"author":[{"embeddable":true,"href":"https:\/\/elconspirador.com.mx\/index.php?rest_route=\/wp\/v2\/users\/1"}],"replies":[{"embeddable":true,"href":"https:\/\/elconspirador.com.mx\/index.php?rest_route=%2Fwp%2Fv2%2Fcomments&post=75434"}],"version-history":[{"count":1,"href":"https:\/\/elconspirador.com.mx\/index.php?rest_route=\/wp\/v2\/posts\/75434\/revisions"}],"predecessor-version":[{"id":75436,"href":"https:\/\/elconspirador.com.mx\/index.php?rest_route=\/wp\/v2\/posts\/75434\/revisions\/75436"}],"wp:featuredmedia":[{"embeddable":true,"href":"https:\/\/elconspirador.com.mx\/index.php?rest_route=\/wp\/v2\/media\/75435"}],"wp:attachment":[{"href":"https:\/\/elconspirador.com.mx\/index.php?rest_route=%2Fwp%2Fv2%2Fmedia&parent=75434"}],"wp:term":[{"taxonomy":"category","embeddable":true,"href":"https:\/\/elconspirador.com.mx\/index.php?rest_route=%2Fwp%2Fv2%2Fcategories&post=75434"},{"taxonomy":"post_tag","embeddable":true,"href":"https:\/\/elconspirador.com.mx\/index.php?rest_route=%2Fwp%2Fv2%2Ftags&post=75434"}],"curies":[{"name":"wp","href":"https:\/\/api.w.org\/{rel}","templated":true}]}}