{"id":75443,"date":"2026-03-06T09:59:45","date_gmt":"2026-03-06T15:59:45","guid":{"rendered":"https:\/\/elconspirador.com.mx\/?p=75443"},"modified":"2026-03-06T09:59:45","modified_gmt":"2026-03-06T15:59:45","slug":"santa-rosa-es-prioridad-para-la-capital-felifer","status":"publish","type":"post","link":"https:\/\/elconspirador.com.mx\/?p=75443","title":{"rendered":"SANTA ROSA ES PRIORIDAD PARA LA CAPITAL: FELIFER"},"content":{"rendered":"<p>El presidente municipal de Quer\u00e9taro, Felifer Mac\u00edas Olvera, afirm\u00f3 que en la delegaci\u00f3n de Santa Rosa J\u00e1uregui se percibe actualmente un ambiente positivo hacia la administraci\u00f3n municipal, as\u00ed como un sentimiento de cercan\u00eda que \u2014dijo\u2014 no exist\u00eda en el pasado, en medio del debate legislativo impulsado por Morena para convertir a la delegaci\u00f3n en un nuevo municipio.<\/p>\n<p>El alcalde sostuvo que mantiene presencia constante en la zona, con visitas en promedio cada dos semanas, lo que le ha permitido conocer de primera mano el pulso de las comunidades y de la cabecera delegacional.<\/p>\n<p>\u201cYo les puedo decir que hay un gran ambiente, hay un sentimiento de cercan\u00eda que no se sent\u00eda antes, eso es lo que voy a decir con toda claridad\u201d, expres\u00f3.<\/p>\n<p>Mac\u00edas Olvera reconoci\u00f3 que Santa Rosa J\u00e1uregui arrastraba una deuda hist\u00f3rica en materia de atenci\u00f3n y desarrollo, por lo que asegur\u00f3 que su administraci\u00f3n trabaja para saldar ese rezago con acciones concretas en infraestructura, servicios p\u00fablicos, seguridad y programas sociales.<\/p>\n<p>Entre las medidas implementadas destac\u00f3 el transporte comunitario gratuito, as\u00ed como intervenciones en diversas comunidades, que \u2014afirm\u00f3\u2014 ya abarcan cerca de la mitad del territorio delegacional.<\/p>\n<p>En ese contexto, subray\u00f3 que el proyecto de municipalizaci\u00f3n promovido por Morena en la Legislatura local no corresponde al \u00e1mbito de competencia del Ayuntamiento, aunque dijo ser respetuoso de las posturas expresadas en ese sentido.<\/p>\n<p>\u201cRecordar tambi\u00e9n que el tema de la municipalizaci\u00f3n de Santa Rosa no compete al ayuntamiento, no compete a mi administraci\u00f3n municipal, eso est\u00e1 en cancha de la Legislatura. Yo fui electo presidente municipal de Quer\u00e9taro con sus delegaciones, y estoy esforz\u00e1ndome todos los d\u00edas para gobernar bien en Santa Rosa J\u00e1uregui, hacer justicia hist\u00f3rica porque s\u00ed hab\u00eda una deuda hist\u00f3rica muy grande para Santa Rosa J\u00e1uregui y eso es lo que estamos trabajando\u201d, puntualiz\u00f3.<\/p>\n<p>El edil a\u00f1adi\u00f3 que actualmente la delegaci\u00f3n se ha convertido en un punto prioritario para la administraci\u00f3n municipal, albergando nuevos espacios culturales, deportivos y de entretenimiento que, asegur\u00f3, fortalecen el sentido de identidad y orgullo entre la poblaci\u00f3n.<\/p>\n","protected":false},"excerpt":{"rendered":"<p>El presidente municipal de Quer\u00e9taro, Felifer Mac\u00edas Olvera, afirm\u00f3 que en la delegaci\u00f3n de Santa Rosa J\u00e1uregui se percibe actualmente un ambiente positivo hacia la administraci\u00f3n municipal, as\u00ed como un sentimiento de cercan\u00eda que \u2014dijo\u2014 no exist\u00eda en el pasado, en medio del debate legislativo impulsado por Morena para convertir a la delegaci\u00f3n en un nuevo municipio. El alcalde sostuvo<\/p>\n<div class=\"h10\"><\/div>\n<p><a class=\"more-link2 flat\" href=\"https:\/\/elconspirador.com.mx\/?p=75443\">Leer m\u00e1s<\/a><\/p>\n","protected":false},"author":1,"featured_media":75444,"comment_status":"open","ping_status":"open","sticky":false,"template":"","format":"standard","meta":{"om_disable_all_campaigns":false,"_uf_show_specific_survey":0,"_uf_disable_surveys":false},"categories":[1],"tags":[],"aioseo_notices":[],"_links":{"self":[{"href":"https:\/\/elconspirador.com.mx\/index.php?rest_route=\/wp\/v2\/posts\/75443"}],"collection":[{"href":"https:\/\/elconspirador.com.mx\/index.php?rest_route=\/wp\/v2\/posts"}],"about":[{"href":"https:\/\/elconspirador.com.mx\/index.php?rest_route=\/wp\/v2\/types\/post"}],"author":[{"embeddable":true,"href":"https:\/\/elconspirador.com.mx\/index.php?rest_route=\/wp\/v2\/users\/1"}],"replies":[{"embeddable":true,"href":"https:\/\/elconspirador.com.mx\/index.php?rest_route=%2Fwp%2Fv2%2Fcomments&post=75443"}],"version-history":[{"count":1,"href":"https:\/\/elconspirador.com.mx\/index.php?rest_route=\/wp\/v2\/posts\/75443\/revisions"}],"predecessor-version":[{"id":75445,"href":"https:\/\/elconspirador.com.mx\/index.php?rest_route=\/wp\/v2\/posts\/75443\/revisions\/75445"}],"wp:featuredmedia":[{"embeddable":true,"href":"https:\/\/elconspirador.com.mx\/index.php?rest_route=\/wp\/v2\/media\/75444"}],"wp:attachment":[{"href":"https:\/\/elconspirador.com.mx\/index.php?rest_route=%2Fwp%2Fv2%2Fmedia&parent=75443"}],"wp:term":[{"taxonomy":"category","embeddable":true,"href":"https:\/\/elconspirador.com.mx\/index.php?rest_route=%2Fwp%2Fv2%2Fcategories&post=75443"},{"taxonomy":"post_tag","embeddable":true,"href":"https:\/\/elconspirador.com.mx\/index.php?rest_route=%2Fwp%2Fv2%2Ftags&post=75443"}],"curies":[{"name":"wp","href":"https:\/\/api.w.org\/{rel}","templated":true}]}}