{"id":75452,"date":"2026-03-05T17:35:51","date_gmt":"2026-03-05T23:35:51","guid":{"rendered":"https:\/\/elconspirador.com.mx\/?p=75452"},"modified":"2026-03-05T17:35:51","modified_gmt":"2026-03-05T23:35:51","slug":"a-prision-por-vandalos-en-comercio-de-pedro-escobedo","status":"publish","type":"post","link":"https:\/\/elconspirador.com.mx\/?p=75452","title":{"rendered":"A PRISI\u00d3N POR V\u00c1NDALOS EN COMERCIO DE PEDRO ESCOBEDO"},"content":{"rendered":"<p>La Fiscal\u00eda General del Estado de Quer\u00e9taro obtuvo la vinculaci\u00f3n a proceso de Jonathan \u201cN\u201d y Roberto \u201cN\u201d por el delito de robo a comercio.<\/p>\n<p>Los hechos se relacionan con actos registrados el 22 de febrero de 2026 en la comunidad Ignacio P\u00e9rez, conocida como \u201cEl Muerto\u201d, en el municipio de Pedro Escobedo, donde elementos de la Secretar\u00eda de Seguridad P\u00fablica Municipal atendieron un reporte ciudadano que se\u00f1alaba la presencia de sujetos que amedrentaban a la poblaci\u00f3n con un arma de fuego.<\/p>\n<p>De acuerdo con el reporte policial, al ser ubicados por los elementos, ambos sujetos adoptaron una actitud agresiva, profiriendo insultos y amenazas contra los oficiales, adem\u00e1s de referir pertenecer a un grupo delictivo. Derivado de las investigaciones realizadas por personal de esta Fiscal\u00eda, se logr\u00f3 establecer su probable intervenci\u00f3n en un robo a comercio ocurrido en la zona, por lo que fueron detenidos el d\u00eda de los hechos, siendo esta fecha el pasado 22 de febrero del presente a\u00f1o.<\/p>\n<p>En audiencia correspondiente, la autoridad judicial determin\u00f3 vincular a proceso a ambos imputados por el delito de robo a comercio, imponiendo como medida cautelar la prisi\u00f3n preventiva justificada y fijando un plazo de dos meses para la investigaci\u00f3n complementaria.<\/p>\n<p>La Fiscal\u00eda General del Estado informa que contin\u00faan las investigaciones para el total esclarecimiento de los hechos y para llevar ante la autoridad judicial a todas las personas que hayan participado en estos actos.<\/p>\n","protected":false},"excerpt":{"rendered":"<p>La Fiscal\u00eda General del Estado de Quer\u00e9taro obtuvo la vinculaci\u00f3n a proceso de Jonathan \u201cN\u201d y Roberto \u201cN\u201d por el delito de robo a comercio. Los hechos se relacionan con actos registrados el 22 de febrero de 2026 en la comunidad Ignacio P\u00e9rez, conocida como \u201cEl Muerto\u201d, en el municipio de Pedro Escobedo, donde elementos de la Secretar\u00eda de Seguridad<\/p>\n<div class=\"h10\"><\/div>\n<p><a class=\"more-link2 flat\" href=\"https:\/\/elconspirador.com.mx\/?p=75452\">Leer m\u00e1s<\/a><\/p>\n","protected":false},"author":1,"featured_media":75453,"comment_status":"open","ping_status":"open","sticky":false,"template":"","format":"standard","meta":{"om_disable_all_campaigns":false,"_uf_show_specific_survey":0,"_uf_disable_surveys":false},"categories":[1],"tags":[],"aioseo_notices":[],"_links":{"self":[{"href":"https:\/\/elconspirador.com.mx\/index.php?rest_route=\/wp\/v2\/posts\/75452"}],"collection":[{"href":"https:\/\/elconspirador.com.mx\/index.php?rest_route=\/wp\/v2\/posts"}],"about":[{"href":"https:\/\/elconspirador.com.mx\/index.php?rest_route=\/wp\/v2\/types\/post"}],"author":[{"embeddable":true,"href":"https:\/\/elconspirador.com.mx\/index.php?rest_route=\/wp\/v2\/users\/1"}],"replies":[{"embeddable":true,"href":"https:\/\/elconspirador.com.mx\/index.php?rest_route=%2Fwp%2Fv2%2Fcomments&post=75452"}],"version-history":[{"count":1,"href":"https:\/\/elconspirador.com.mx\/index.php?rest_route=\/wp\/v2\/posts\/75452\/revisions"}],"predecessor-version":[{"id":75454,"href":"https:\/\/elconspirador.com.mx\/index.php?rest_route=\/wp\/v2\/posts\/75452\/revisions\/75454"}],"wp:featuredmedia":[{"embeddable":true,"href":"https:\/\/elconspirador.com.mx\/index.php?rest_route=\/wp\/v2\/media\/75453"}],"wp:attachment":[{"href":"https:\/\/elconspirador.com.mx\/index.php?rest_route=%2Fwp%2Fv2%2Fmedia&parent=75452"}],"wp:term":[{"taxonomy":"category","embeddable":true,"href":"https:\/\/elconspirador.com.mx\/index.php?rest_route=%2Fwp%2Fv2%2Fcategories&post=75452"},{"taxonomy":"post_tag","embeddable":true,"href":"https:\/\/elconspirador.com.mx\/index.php?rest_route=%2Fwp%2Fv2%2Ftags&post=75452"}],"curies":[{"name":"wp","href":"https:\/\/api.w.org\/{rel}","templated":true}]}}