{"id":75458,"date":"2026-03-05T13:10:15","date_gmt":"2026-03-05T19:10:15","guid":{"rendered":"https:\/\/elconspirador.com.mx\/?p=75458"},"modified":"2026-03-05T13:10:15","modified_gmt":"2026-03-05T19:10:15","slug":"pt-rompe-con-4t-va-vs-la-reforma-electoral","status":"publish","type":"post","link":"https:\/\/elconspirador.com.mx\/?p=75458","title":{"rendered":"PT ROMPE CON 4T VA VS LA REFORMA ELECTORAL"},"content":{"rendered":"<p>El coordinador del PT en San L\u00e1zaro, Reginaldo Sandoval, confirm\u00f3 que los 49 diputados de su bancada rechazar\u00e1n la iniciativa electoral impulsada por la presidenta Claudia Sheinbaum.<\/p>\n<p>El Partido del Trabajo (PT) anunci\u00f3 que votar\u00e1 en contra de la reforma electoral impulsada por la presidenta Claudia Sheinbaum, al considerar que la iniciativa podr\u00eda representar un retroceso democr\u00e1tico y abrir la puerta a la concentraci\u00f3n del poder pol\u00edtico.<\/p>\n<p>El coordinador de los diputados del PT, Reginaldo Sandoval Flores, afirm\u00f3 que su bancada mantiene serias diferencias con el proyecto enviado a la C\u00e1mara de Diputados, pese a que el partido es aliado de Morena dentro de la llamada Cuarta Transformaci\u00f3n.<\/p>\n<p>En entrevista con Azucena Uresti para Radio F\u00f3rmula, el legislador asegur\u00f3 que la iniciativa podr\u00eda derivar en un \u201cejercicio de partido \u00fanico\u201d, lo que \u2014dijo\u2014 rompe con la ruta de pluralidad pol\u00edtica que ha caracterizado al sistema democr\u00e1tico mexicano.<\/p>\n<p>\u201cSentimos que irrumpe en la ruta de avance democr\u00e1tico porque, aunque no se diga abiertamente, consolida el ejercicio de partido \u00fanico, y ah\u00ed es donde tenemos esa diferencia\u201d, se\u00f1al\u00f3 Sandoval.<\/p>\n","protected":false},"excerpt":{"rendered":"<p>El coordinador del PT en San L\u00e1zaro, Reginaldo Sandoval, confirm\u00f3 que los 49 diputados de su bancada rechazar\u00e1n la iniciativa electoral impulsada por la presidenta Claudia Sheinbaum. El Partido del Trabajo (PT) anunci\u00f3 que votar\u00e1 en contra de la reforma electoral impulsada por la presidenta Claudia Sheinbaum, al considerar que la iniciativa podr\u00eda representar un retroceso democr\u00e1tico y abrir la<\/p>\n<div class=\"h10\"><\/div>\n<p><a class=\"more-link2 flat\" href=\"https:\/\/elconspirador.com.mx\/?p=75458\">Leer m\u00e1s<\/a><\/p>\n","protected":false},"author":1,"featured_media":75459,"comment_status":"open","ping_status":"open","sticky":false,"template":"","format":"standard","meta":{"om_disable_all_campaigns":false,"_uf_show_specific_survey":0,"_uf_disable_surveys":false},"categories":[68],"tags":[],"aioseo_notices":[],"_links":{"self":[{"href":"https:\/\/elconspirador.com.mx\/index.php?rest_route=\/wp\/v2\/posts\/75458"}],"collection":[{"href":"https:\/\/elconspirador.com.mx\/index.php?rest_route=\/wp\/v2\/posts"}],"about":[{"href":"https:\/\/elconspirador.com.mx\/index.php?rest_route=\/wp\/v2\/types\/post"}],"author":[{"embeddable":true,"href":"https:\/\/elconspirador.com.mx\/index.php?rest_route=\/wp\/v2\/users\/1"}],"replies":[{"embeddable":true,"href":"https:\/\/elconspirador.com.mx\/index.php?rest_route=%2Fwp%2Fv2%2Fcomments&post=75458"}],"version-history":[{"count":1,"href":"https:\/\/elconspirador.com.mx\/index.php?rest_route=\/wp\/v2\/posts\/75458\/revisions"}],"predecessor-version":[{"id":75460,"href":"https:\/\/elconspirador.com.mx\/index.php?rest_route=\/wp\/v2\/posts\/75458\/revisions\/75460"}],"wp:featuredmedia":[{"embeddable":true,"href":"https:\/\/elconspirador.com.mx\/index.php?rest_route=\/wp\/v2\/media\/75459"}],"wp:attachment":[{"href":"https:\/\/elconspirador.com.mx\/index.php?rest_route=%2Fwp%2Fv2%2Fmedia&parent=75458"}],"wp:term":[{"taxonomy":"category","embeddable":true,"href":"https:\/\/elconspirador.com.mx\/index.php?rest_route=%2Fwp%2Fv2%2Fcategories&post=75458"},{"taxonomy":"post_tag","embeddable":true,"href":"https:\/\/elconspirador.com.mx\/index.php?rest_route=%2Fwp%2Fv2%2Ftags&post=75458"}],"curies":[{"name":"wp","href":"https:\/\/api.w.org\/{rel}","templated":true}]}}