{"id":75464,"date":"2026-03-05T15:50:31","date_gmt":"2026-03-05T21:50:31","guid":{"rendered":"https:\/\/elconspirador.com.mx\/?p=75464"},"modified":"2026-03-05T15:50:31","modified_gmt":"2026-03-05T21:50:31","slug":"realiza-el-marques-espacio-de-reflexion-para-mujeres-estudiantes","status":"publish","type":"post","link":"https:\/\/elconspirador.com.mx\/?p=75464","title":{"rendered":"REALIZA EL MARQU\u00c9S ESPACIO DE REFLEXI\u00d3N PARA MUJERES ESTUDIANTES"},"content":{"rendered":"<p>&nbsp;<\/p>\n<p>El presidente municipal de El Marqu\u00e9s, Rodrigo Monsalvo Castel\u00e1n, encabez\u00f3 la clausura de \u201cSoy Mujer, Soy M\u00e1s Fuerte\u201d, espacio de reflexi\u00f3n en el que 300 j\u00f3venes marquesinas participaron con el objetivo de impulsar su empoderamiento, bienestar y crecimiento personal.<\/p>\n<p>En dicho espacio se realiz\u00f3 la din\u00e1mica de interacci\u00f3n \u201cSonrisas y Sue\u00f1os\u201d, en la que Edith Mart\u00ednez P\u00e9rez, \u201cLa Morra Show\u201d, comparti\u00f3 experiencias de vida a fin de fortalecer la autoestima de las asistentes, promover su desarrollo personal y fomentar relaciones basadas en el respeto y la igualdad.<\/p>\n<p>Por su parte, el alcalde Rodrigo Monsalvo celebr\u00f3 que existan eventos de esta \u00edndole. Asimismo, hizo un llamado a las j\u00f3venes para continuar trabajando en favor de un Marqu\u00e9s donde todas las mujeres cumplan sus metas.<\/p>\n<p>\u201cMe da mucho gusto sumarme a este espacio de ideas y de mucho aprendizaje. Venimos a escuchar historias de vida, pero, sobre todo, a sensibilizarnos y crear conciencia sobre el papel fundamental que hoy desempe\u00f1an todas ustedes en nuestro municipio. Las invito a que sigan prepar\u00e1ndose todos los d\u00edas para lograr su mejor versi\u00f3n, abrir espacios a la participaci\u00f3n de todas las mujeres marquesinas y construir juntos un presente igualitario donde cada una alcance sus sue\u00f1os\u201d.<\/p>\n<p>\u201cSoy Mujer, Soy M\u00e1s Fuerte\u201d tuvo lugar en las instalaciones de la Universidad Mondrag\u00f3n; sin embargo, el evento estuvo dirigido a alumnas de nivel preparatoria de la Universidad Aut\u00f3noma de Quer\u00e9taro, campus Amazcala, y del Colegio de Bachilleres del Estado de Quer\u00e9taro 7 La Ca\u00f1ada.<\/p>\n<p>A su vez, la regidora s\u00edndico y presidenta de la Comisi\u00f3n de Participaci\u00f3n Ciudadana, Mar\u00eda del Rosario Le\u00f3n Giles, destac\u00f3 la importancia de generar espacios dirigidos a las j\u00f3venes que fomenten la reflexi\u00f3n, el aprendizaje y el fortalecimiento de su confianza.<\/p>\n<p>Con este tipo de iniciativas, el Gobierno Municipal de El Marqu\u00e9s reafirma su compromiso de generar espacios que impulsen el desarrollo integral de las j\u00f3venes, promoviendo su participaci\u00f3n activa y el fortalecimiento de su bienestar dentro de la comunidad.<\/p>\n","protected":false},"excerpt":{"rendered":"<p>&nbsp; El presidente municipal de El Marqu\u00e9s, Rodrigo Monsalvo Castel\u00e1n, encabez\u00f3 la clausura de \u201cSoy Mujer, Soy M\u00e1s Fuerte\u201d, espacio de reflexi\u00f3n en el que 300 j\u00f3venes marquesinas participaron con el objetivo de impulsar su empoderamiento, bienestar y crecimiento personal. En dicho espacio se realiz\u00f3 la din\u00e1mica de interacci\u00f3n \u201cSonrisas y Sue\u00f1os\u201d, en la que Edith Mart\u00ednez P\u00e9rez, \u201cLa Morra<\/p>\n<div class=\"h10\"><\/div>\n<p><a class=\"more-link2 flat\" href=\"https:\/\/elconspirador.com.mx\/?p=75464\">Leer m\u00e1s<\/a><\/p>\n","protected":false},"author":1,"featured_media":75467,"comment_status":"open","ping_status":"open","sticky":false,"template":"","format":"standard","meta":{"om_disable_all_campaigns":false,"_uf_show_specific_survey":0,"_uf_disable_surveys":false},"categories":[1],"tags":[],"aioseo_notices":[],"_links":{"self":[{"href":"https:\/\/elconspirador.com.mx\/index.php?rest_route=\/wp\/v2\/posts\/75464"}],"collection":[{"href":"https:\/\/elconspirador.com.mx\/index.php?rest_route=\/wp\/v2\/posts"}],"about":[{"href":"https:\/\/elconspirador.com.mx\/index.php?rest_route=\/wp\/v2\/types\/post"}],"author":[{"embeddable":true,"href":"https:\/\/elconspirador.com.mx\/index.php?rest_route=\/wp\/v2\/users\/1"}],"replies":[{"embeddable":true,"href":"https:\/\/elconspirador.com.mx\/index.php?rest_route=%2Fwp%2Fv2%2Fcomments&post=75464"}],"version-history":[{"count":1,"href":"https:\/\/elconspirador.com.mx\/index.php?rest_route=\/wp\/v2\/posts\/75464\/revisions"}],"predecessor-version":[{"id":75468,"href":"https:\/\/elconspirador.com.mx\/index.php?rest_route=\/wp\/v2\/posts\/75464\/revisions\/75468"}],"wp:featuredmedia":[{"embeddable":true,"href":"https:\/\/elconspirador.com.mx\/index.php?rest_route=\/wp\/v2\/media\/75467"}],"wp:attachment":[{"href":"https:\/\/elconspirador.com.mx\/index.php?rest_route=%2Fwp%2Fv2%2Fmedia&parent=75464"}],"wp:term":[{"taxonomy":"category","embeddable":true,"href":"https:\/\/elconspirador.com.mx\/index.php?rest_route=%2Fwp%2Fv2%2Fcategories&post=75464"},{"taxonomy":"post_tag","embeddable":true,"href":"https:\/\/elconspirador.com.mx\/index.php?rest_route=%2Fwp%2Fv2%2Ftags&post=75464"}],"curies":[{"name":"wp","href":"https:\/\/api.w.org\/{rel}","templated":true}]}}