{"id":75469,"date":"2026-03-05T15:55:55","date_gmt":"2026-03-05T21:55:55","guid":{"rendered":"https:\/\/elconspirador.com.mx\/?p=75469"},"modified":"2026-03-05T15:55:55","modified_gmt":"2026-03-05T21:55:55","slug":"capital-reconoce-a-mujeres-que-cambiaron-el-rumbo-de-queretaro","status":"publish","type":"post","link":"https:\/\/elconspirador.com.mx\/?p=75469","title":{"rendered":"CAPITAL RECONOCE A MUJERES QUE CAMBIARON EL RUMBO DE QUER\u00c9TARO"},"content":{"rendered":"<p>El presidente municipal de Quer\u00e9taro, Felifer Mac\u00edas, encabez\u00f3 la ceremonia de la Segunda Entrega de Reconocimientos \u201c8 Mujeres que Cambiaron el Rumbo de Quer\u00e9taro\u201d, en la cual se distingui\u00f3 a 37 mujeres; de las cuales ocho fueron seleccionadas como ganadoras de cada categor\u00eda en la que se impulsa el trabajo valioso y positivo, as\u00ed como tambi\u00e9n en las actividades que d\u00eda a d\u00eda hacen en beneficio de las y los queretanos.<\/p>\n<p>En compa\u00f1\u00eda de la secretaria de la Mujer, Vanesa Garfias Rojas, de la presidenta del Sistema Municipal DIF, Adriana Olvera y de la secretaria de Cultura Estatal, Ana Paola L\u00f3pez Birlain, el alcalde reconoci\u00f3 la labor y dedicaci\u00f3n que todas las mujeres hacen desde su trinchera y que, a lo largo de sus vidas se han comprometido con la mejora de su comunidad.<\/p>\n<p>\u201cYo s\u00ed quer\u00eda reconocer a cada una de las treinta y siete mujeres que pasaron aqu\u00ed, y s\u00e9 que podr\u00edamos reconocer a muchas m\u00e1s, pero las treinta y siete mujeres que reconocimos el d\u00eda de hoy son quienes a lo largo de su trayectoria de su vida, de su trabajo de todos los d\u00edas, est\u00e1n haciendo grande esta tierra, est\u00e1n haciendo grande Quer\u00e9taro, del cual todos los d\u00edas nos llena de orgullo de ser queretanas y de ser queretanos\u201d, indic\u00f3.<\/p>\n<p>Las ocho categor\u00edas que se consideraron para la distinci\u00f3n fueron: Academia y Formaci\u00f3n, Deporte y Bienestar, Labor Social y Comunitaria, Emprendimiento y Desarrollo Econ\u00f3mico, Ciencia y Tecnolog\u00eda, Trayectoria Destacada, Arte y Cultura, as\u00ed como tambi\u00e9n la de Asociaci\u00f3n Civil. Dentro del rubro Trayectoria Destacada, a la oficial Raquel Carrillo Gonz\u00e1lez le fue entregada la menci\u00f3n honor\u00edfica por m\u00e1s de 23 a\u00f1os de trayectoria en seguridad ciudadana enfocada en la perspectiva de g\u00e9nero.<\/p>\n<p>La secretaria de la Mujer, Vanesa Garfias, por su parte, manifest\u00f3 su orgullo hacia las mujeres queretanas que se han dedicado a inspirar, desde los diferentes \u00e1mbitos sociales y las exhort\u00f3 a que exista esa lucha que se ha realizado de manera significativa.<\/p>\n<p>Garfias Rojas sostuvo que, desde la Secretar\u00eda que encabeza se han comprometido, desde el inicio de la administraci\u00f3n, a realizar acciones en favor de la equidad de g\u00e9nero y sobre todo en erradicar cualquier tipo de violencia hacia las mujeres.<\/p>\n<p>Cabe mencionar que esta iniciativa, impulsada por el alcalde Felifer Mac\u00edas, tiene como objetivo principal llevar a cabo un ejercicio de reconocimiento, mediante el cual se distinga p\u00fablicamente a mujeres del municipio de Quer\u00e9taro que han destacado por su dedicaci\u00f3n, esfuerzo y aportaciones significativas a la sociedad dentro de las diferentes categor\u00edas a considerar.<\/p>\n<p>Asimismo, la presidenta del Sistema Municipal DIF, Adriana Olvera, destac\u00f3 que a\u00fan faltan acciones en cuesti\u00f3n de equidad de g\u00e9nero, pero que esta fecha es importante para el reconocimiento y la celebraci\u00f3n de las mujeres, de lo que se ha hecho hasta ahora, que con resiliencia han logrado cambiar su futuro y con dignidad han sabido desarrollar una ardua labor en favor de sus familias y de ellas mismas.<\/p>\n<p>\u201cClaro que tambi\u00e9n hay que celebrarlas, como las celebramos a todas ustedes que se han destacado en diferentes \u00e1reas, y que sean una motivaci\u00f3n y un impulso para todas aquellas que les han dicho que no pueden, que no son capaces. Creo yo que desde la Secretar\u00eda de la Mujer les han descubierto y les han pulido muchas habilidades que ni siquiera conoc\u00edan, y hoy est\u00e1n emprendiendo en favor de sus familias y en favor de ustedes mismas tambi\u00e9n\u201d, enfatiz\u00f3.<\/p>\n<p>Con este tipo de acciones desde el Municipio de Quer\u00e9taro se reafirma que el trabajo de las mujeres es valorado, reconocido y agradecido; al visibilizar la dedicaci\u00f3n y el esfuerzo que las queretanas realizan a diario, con el fin de generar aportaciones en diversos \u00e1mbitos como la vida social, econ\u00f3mica, cultural y comunitaria en la capital.<\/p>\n","protected":false},"excerpt":{"rendered":"<p>El presidente municipal de Quer\u00e9taro, Felifer Mac\u00edas, encabez\u00f3 la ceremonia de la Segunda Entrega de Reconocimientos \u201c8 Mujeres que Cambiaron el Rumbo de Quer\u00e9taro\u201d, en la cual se distingui\u00f3 a 37 mujeres; de las cuales ocho fueron seleccionadas como ganadoras de cada categor\u00eda en la que se impulsa el trabajo valioso y positivo, as\u00ed como tambi\u00e9n en las actividades que<\/p>\n<div class=\"h10\"><\/div>\n<p><a class=\"more-link2 flat\" href=\"https:\/\/elconspirador.com.mx\/?p=75469\">Leer m\u00e1s<\/a><\/p>\n","protected":false},"author":1,"featured_media":75470,"comment_status":"open","ping_status":"open","sticky":false,"template":"","format":"standard","meta":{"om_disable_all_campaigns":false,"_uf_show_specific_survey":0,"_uf_disable_surveys":false},"categories":[1],"tags":[],"aioseo_notices":[],"_links":{"self":[{"href":"https:\/\/elconspirador.com.mx\/index.php?rest_route=\/wp\/v2\/posts\/75469"}],"collection":[{"href":"https:\/\/elconspirador.com.mx\/index.php?rest_route=\/wp\/v2\/posts"}],"about":[{"href":"https:\/\/elconspirador.com.mx\/index.php?rest_route=\/wp\/v2\/types\/post"}],"author":[{"embeddable":true,"href":"https:\/\/elconspirador.com.mx\/index.php?rest_route=\/wp\/v2\/users\/1"}],"replies":[{"embeddable":true,"href":"https:\/\/elconspirador.com.mx\/index.php?rest_route=%2Fwp%2Fv2%2Fcomments&post=75469"}],"version-history":[{"count":1,"href":"https:\/\/elconspirador.com.mx\/index.php?rest_route=\/wp\/v2\/posts\/75469\/revisions"}],"predecessor-version":[{"id":75471,"href":"https:\/\/elconspirador.com.mx\/index.php?rest_route=\/wp\/v2\/posts\/75469\/revisions\/75471"}],"wp:featuredmedia":[{"embeddable":true,"href":"https:\/\/elconspirador.com.mx\/index.php?rest_route=\/wp\/v2\/media\/75470"}],"wp:attachment":[{"href":"https:\/\/elconspirador.com.mx\/index.php?rest_route=%2Fwp%2Fv2%2Fmedia&parent=75469"}],"wp:term":[{"taxonomy":"category","embeddable":true,"href":"https:\/\/elconspirador.com.mx\/index.php?rest_route=%2Fwp%2Fv2%2Fcategories&post=75469"},{"taxonomy":"post_tag","embeddable":true,"href":"https:\/\/elconspirador.com.mx\/index.php?rest_route=%2Fwp%2Fv2%2Ftags&post=75469"}],"curies":[{"name":"wp","href":"https:\/\/api.w.org\/{rel}","templated":true}]}}