{"id":75481,"date":"2026-03-05T21:08:25","date_gmt":"2026-03-06T03:08:25","guid":{"rendered":"https:\/\/elconspirador.com.mx\/?p=75481"},"modified":"2026-03-05T21:08:25","modified_gmt":"2026-03-06T03:08:25","slug":"cierran-puente-de-tejada-por-obras","status":"publish","type":"post","link":"https:\/\/elconspirador.com.mx\/?p=75481","title":{"rendered":"CIERRAN PUENTE DE TEJADA POR OBRAS"},"content":{"rendered":"<p class=\"s11\"><span class=\"s4\">Con el objetivo de garantizar la seguridad <\/span><span class=\"s4\">vial <\/span><span class=\"s4\">de las personas que transitan por la zona, se implement\u00f3 el cierre total a la circulaci\u00f3n sobre el Puente de Tejeda, en <\/span><span class=\"s4\">la salida hacia Constituyentes o<\/span><span class=\"s4\">riente (incorporaci\u00f3n a Quer\u00e9taro), medida que permanecer\u00e1 vigente hasta el domingo 08 de marzo.<\/span><\/p>\n<p class=\"s11\"><span class=\"s4\">\u00a0<\/span><\/p>\n<p class=\"s11\"><span class=\"s4\">Lo anterior se debe a los trabajos de reparaci\u00f3n del dren pluvial que atraviesa dicha vialidad, el cual result\u00f3 perforado a causa de actos de vandalismo, generando un riesgo para quienes circulan por este punto.<\/span><\/p>\n<p class=\"s11\"><span class=\"s4\">\u00a0<\/span><\/p>\n<p class=\"s11\"><span class=\"s4\">Ante esta situaci\u00f3n, <\/span><span class=\"s4\">el director de Protecci\u00f3n Civil en el Municipio de Corregidora<\/span><span class=\"s4\">, Omar Lugo,<\/span><a name=\"_GoBack\"><\/a> <span class=\"s4\">hace un llamado a la ciudadan\u00eda a denunciar a la l\u00ednea \u00fanica de emergencias 9-1-1 cualquier acci\u00f3n que represente una afectaci\u00f3n para el municipio.<\/span><\/p>\n<p class=\"s11\"><span class=\"s4\">\u00a0<\/span><\/p>\n<p class=\"s11\"><span class=\"s4\">\u201c<\/span><span class=\"s4\">El cierre total en el Puente de Tejeda se implement\u00f3 como una medida preventiva para proteger la seguridad de quienes transitan por la zona, ya que el ducto pluvial que atraviesa la vialidad fue perforado por actos de vandalismo. Estamos trabajando de manera coordinada para realizar las reparaciones correspondientes y pedimos a la ciudadan\u00eda respetar las indicaciones<\/span><span class=\"s4\">\u201d, apunt\u00f3<\/span><span class=\"s4\">.<\/span><\/p>\n<p class=\"s5\"><span class=\"s4\">\u00a0<\/span><\/p>\n<p class=\"s11\"><span class=\"s4\">El Gobierno Municipal reitera su compromiso con la seguridad de las y los ciudadanos y exhorta a la poblaci\u00f3n a respetar las medidas implementadas y colaborar denunciando cualquier acto que afecte la infraestructura p\u00fablica.<\/span><\/p>\n","protected":false},"excerpt":{"rendered":"<p>Con el objetivo de garantizar la seguridad vial de las personas que transitan por la zona, se implement\u00f3 el cierre total a la circulaci\u00f3n sobre el Puente de Tejeda, en la salida hacia Constituyentes oriente (incorporaci\u00f3n a Quer\u00e9taro), medida que permanecer\u00e1 vigente hasta el domingo 08 de marzo. \u00a0 Lo anterior se debe a los trabajos de reparaci\u00f3n del dren<\/p>\n<div class=\"h10\"><\/div>\n<p><a class=\"more-link2 flat\" href=\"https:\/\/elconspirador.com.mx\/?p=75481\">Leer m\u00e1s<\/a><\/p>\n","protected":false},"author":1,"featured_media":75482,"comment_status":"open","ping_status":"open","sticky":false,"template":"","format":"standard","meta":{"om_disable_all_campaigns":false,"_uf_show_specific_survey":0,"_uf_disable_surveys":false},"categories":[1],"tags":[],"aioseo_notices":[],"_links":{"self":[{"href":"https:\/\/elconspirador.com.mx\/index.php?rest_route=\/wp\/v2\/posts\/75481"}],"collection":[{"href":"https:\/\/elconspirador.com.mx\/index.php?rest_route=\/wp\/v2\/posts"}],"about":[{"href":"https:\/\/elconspirador.com.mx\/index.php?rest_route=\/wp\/v2\/types\/post"}],"author":[{"embeddable":true,"href":"https:\/\/elconspirador.com.mx\/index.php?rest_route=\/wp\/v2\/users\/1"}],"replies":[{"embeddable":true,"href":"https:\/\/elconspirador.com.mx\/index.php?rest_route=%2Fwp%2Fv2%2Fcomments&post=75481"}],"version-history":[{"count":1,"href":"https:\/\/elconspirador.com.mx\/index.php?rest_route=\/wp\/v2\/posts\/75481\/revisions"}],"predecessor-version":[{"id":75483,"href":"https:\/\/elconspirador.com.mx\/index.php?rest_route=\/wp\/v2\/posts\/75481\/revisions\/75483"}],"wp:featuredmedia":[{"embeddable":true,"href":"https:\/\/elconspirador.com.mx\/index.php?rest_route=\/wp\/v2\/media\/75482"}],"wp:attachment":[{"href":"https:\/\/elconspirador.com.mx\/index.php?rest_route=%2Fwp%2Fv2%2Fmedia&parent=75481"}],"wp:term":[{"taxonomy":"category","embeddable":true,"href":"https:\/\/elconspirador.com.mx\/index.php?rest_route=%2Fwp%2Fv2%2Fcategories&post=75481"},{"taxonomy":"post_tag","embeddable":true,"href":"https:\/\/elconspirador.com.mx\/index.php?rest_route=%2Fwp%2Fv2%2Ftags&post=75481"}],"curies":[{"name":"wp","href":"https:\/\/api.w.org\/{rel}","templated":true}]}}