{"id":75484,"date":"2026-03-06T06:50:15","date_gmt":"2026-03-06T12:50:15","guid":{"rendered":"https:\/\/elconspirador.com.mx\/?p=75484"},"modified":"2026-03-06T06:50:15","modified_gmt":"2026-03-06T12:50:15","slug":"felifer-compromete-el-extra-a-locatarios-del-4-de-marzo","status":"publish","type":"post","link":"https:\/\/elconspirador.com.mx\/?p=75484","title":{"rendered":"FELIFER COMPROMETE \u201cEL EXTRA\u201d A LOCATARIOS DEL 4 DE MARZO"},"content":{"rendered":"<p>El presidente municipal de Quer\u00e9taro, Felifer Mac\u00edas, refrend\u00f3 su compromiso de apoyar a los comerciantes del Mercado 4 de Marzo y anunci\u00f3 que, antes de que concluya el a\u00f1o, la totalidad de las y los locatarios acceder\u00e1 a alg\u00fan programa municipal orientado al fortalecimiento de su actividad, as\u00ed como a apoyos sociales para ellos y sus familias, con el objetivo de contribuir a mejorar su calidad de vida.<\/p>\n<p>\u201cYo me comprometo con ustedes de manera muy puntual, y aqu\u00ed ya va a estar el encargo a Pepe Ojeda, secretario de Desarrollo Social, de que antes de que cierre este a\u00f1o, los 75 locatarios tengan su tarjeta de El Extra, o tengan un calentador solar, o una laptop, o alguno de nuestros programas de apoyo social que estamos brindando\u201d, afirm\u00f3.<\/p>\n<p>Felifer Mac\u00edas inform\u00f3 lo anterior al acudir al XXXIV aniversario del Mercado 4 de Marzo, en la colonia Reforma Agraria, donde estuvo acompa\u00f1ado por el titular de la Secretar\u00eda de Desarrollo Sustentable (SEDESU), Marco del Prete Tercero, y destac\u00f3 que el apoyo se buscar\u00e1 brindar a todos los mercados con el objetivo de fortalecer la actividad comercial y mejorar las condiciones de las y los comerciantes.<\/p>\n<p>El alcalde a\u00f1adi\u00f3 que, antes de concluir el a\u00f1o, se construir\u00e1 un arcotecho para la zona del tianguis y destac\u00f3 que su administraci\u00f3n tambi\u00e9n est\u00e1 en proceso de adquirir el predio aleda\u00f1o al mercado, con el objetivo de ampliar y mejorar las instalaciones en beneficio de las y los locatarios, as\u00ed como de las personas que lo visitan.<\/p>\n<p>El secretario de Desarrollo Sustentable en el estado (SEDESU), Marco Antonio del Prete Tercero, quien acudi\u00f3 en representaci\u00f3n del gobernador Mauricio Kuri Gonz\u00e1lez, se\u00f1al\u00f3 que desde el Gobierno del Estado se mantienen acciones en conjunto con el municipio para respaldar a las y los comerciantes, entre ellas el programa de apoyo a la econom\u00eda familiar, mediante el cual se han otorgado apoyos directos a fondo perdido para fortalecer sus negocios.<\/p>\n<p>Durante el evento se cont\u00f3 con la asistencia del senador de la Rep\u00fablica, Agust\u00edn Dorantes L\u00e1mbarri, acompa\u00f1ado de su esposa, Laura Dorantes Castillo; la secretaria general del Mercado \u201c4 de Marzo\u201d, Mar\u00eda Alejandra Colchado Barr\u00f3n; el presidente de la FUCQ, Rafael Granados Guerrero; el diputado federal, Roberto Sosa Pichardo; el diputado local, Mauricio C\u00e1rdenas Palacios; la secretaria de Educaci\u00f3n, Martha Elena Soto Obreg\u00f3n, as\u00ed como integrantes del gabinete municipal.<\/p>\n","protected":false},"excerpt":{"rendered":"<p>El presidente municipal de Quer\u00e9taro, Felifer Mac\u00edas, refrend\u00f3 su compromiso de apoyar a los comerciantes del Mercado 4 de Marzo y anunci\u00f3 que, antes de que concluya el a\u00f1o, la totalidad de las y los locatarios acceder\u00e1 a alg\u00fan programa municipal orientado al fortalecimiento de su actividad, as\u00ed como a apoyos sociales para ellos y sus familias, con el objetivo<\/p>\n<div class=\"h10\"><\/div>\n<p><a class=\"more-link2 flat\" href=\"https:\/\/elconspirador.com.mx\/?p=75484\">Leer m\u00e1s<\/a><\/p>\n","protected":false},"author":1,"featured_media":75485,"comment_status":"open","ping_status":"open","sticky":false,"template":"","format":"standard","meta":{"om_disable_all_campaigns":false,"_uf_show_specific_survey":0,"_uf_disable_surveys":false},"categories":[1],"tags":[],"aioseo_notices":[],"_links":{"self":[{"href":"https:\/\/elconspirador.com.mx\/index.php?rest_route=\/wp\/v2\/posts\/75484"}],"collection":[{"href":"https:\/\/elconspirador.com.mx\/index.php?rest_route=\/wp\/v2\/posts"}],"about":[{"href":"https:\/\/elconspirador.com.mx\/index.php?rest_route=\/wp\/v2\/types\/post"}],"author":[{"embeddable":true,"href":"https:\/\/elconspirador.com.mx\/index.php?rest_route=\/wp\/v2\/users\/1"}],"replies":[{"embeddable":true,"href":"https:\/\/elconspirador.com.mx\/index.php?rest_route=%2Fwp%2Fv2%2Fcomments&post=75484"}],"version-history":[{"count":1,"href":"https:\/\/elconspirador.com.mx\/index.php?rest_route=\/wp\/v2\/posts\/75484\/revisions"}],"predecessor-version":[{"id":75486,"href":"https:\/\/elconspirador.com.mx\/index.php?rest_route=\/wp\/v2\/posts\/75484\/revisions\/75486"}],"wp:featuredmedia":[{"embeddable":true,"href":"https:\/\/elconspirador.com.mx\/index.php?rest_route=\/wp\/v2\/media\/75485"}],"wp:attachment":[{"href":"https:\/\/elconspirador.com.mx\/index.php?rest_route=%2Fwp%2Fv2%2Fmedia&parent=75484"}],"wp:term":[{"taxonomy":"category","embeddable":true,"href":"https:\/\/elconspirador.com.mx\/index.php?rest_route=%2Fwp%2Fv2%2Fcategories&post=75484"},{"taxonomy":"post_tag","embeddable":true,"href":"https:\/\/elconspirador.com.mx\/index.php?rest_route=%2Fwp%2Fv2%2Ftags&post=75484"}],"curies":[{"name":"wp","href":"https:\/\/api.w.org\/{rel}","templated":true}]}}