{"id":75488,"date":"2026-03-10T12:06:02","date_gmt":"2026-03-10T18:06:02","guid":{"rendered":"https:\/\/elconspirador.com.mx\/?p=75488"},"modified":"2026-03-10T12:06:44","modified_gmt":"2026-03-10T18:06:44","slug":"bebe-de-cinco-meses-fallece-en-guarderia","status":"publish","type":"post","link":"https:\/\/elconspirador.com.mx\/?p=75488","title":{"rendered":"BEB\u00c9 DE CINCO MESES FALLECE EN GUARDER\u00cdA"},"content":{"rendered":"<p>Un menor de tan solo cinco meses de edad falleci\u00f3 tras sufrir unparo cardiorrespiratorio en una guarder\u00eda ubicada en la colonia Nueva Santa Mar\u00eda, en la alcald\u00eda Azcapotzalco, Ciudad de M\u00e9xico.<\/p>\n<p>La emergencia fue atendida por personal de la Secretar\u00eda de Seguridad Ciudadana (SSC-CDMX) y servicios de emergencia, que acudieron al plantel situado en la calle Guan\u00e1bana, de acuerdo con el reporte oficial, la directora del centro educativo, identificado como &#8220;Instituto Baja California Guarder\u00eda Y Kinder&#8221;, solicit\u00f3 apoyo urgente al notar que el menor presentaba cuadros de v\u00f3mito.<\/p>\n<p>Al llegar, los oficiales canalizaron inmediatamente a los param\u00e9dicos para lavaloraci\u00f3n del infante. Tras la revisi\u00f3n, el personal m\u00e9dico diagnostic\u00f3 al beb\u00e9 con &#8220;paro cardiorrespiratorio, etiolog\u00eda a determinar&#8221;. Aunque medios locales reportaron el deceso en el sitio, las autoridades centrales a\u00fan no han emitido una confirmaci\u00f3n oficial.<\/p>\n<p>Siguen las averiguaciones por el menor fallecido en la guarder\u00eda de Azcapotzalco<\/p>\n<p>La SSC dio parte al agente del Ministerio P\u00fablico, quien inici\u00f3 las indagatorias correspondientes en la estancia infantil. Hasta el momento, las autoridades no han reportado detenciones ni han se\u00f1alado responsabilidades directas contra el personal de la guarder\u00eda. El plantel no ha emitido un pronunciamiento al respecto.<\/p>\n","protected":false},"excerpt":{"rendered":"<p>Un menor de tan solo cinco meses de edad falleci\u00f3 tras sufrir unparo cardiorrespiratorio en una guarder\u00eda ubicada en la colonia Nueva Santa Mar\u00eda, en la alcald\u00eda Azcapotzalco, Ciudad de M\u00e9xico. La emergencia fue atendida por personal de la Secretar\u00eda de Seguridad Ciudadana (SSC-CDMX) y servicios de emergencia, que acudieron al plantel situado en la calle Guan\u00e1bana, de acuerdo con<\/p>\n<div class=\"h10\"><\/div>\n<p><a class=\"more-link2 flat\" href=\"https:\/\/elconspirador.com.mx\/?p=75488\">Leer m\u00e1s<\/a><\/p>\n","protected":false},"author":1,"featured_media":75489,"comment_status":"open","ping_status":"open","sticky":false,"template":"","format":"standard","meta":{"om_disable_all_campaigns":false,"_uf_show_specific_survey":0,"_uf_disable_surveys":false},"categories":[68],"tags":[],"aioseo_notices":[],"_links":{"self":[{"href":"https:\/\/elconspirador.com.mx\/index.php?rest_route=\/wp\/v2\/posts\/75488"}],"collection":[{"href":"https:\/\/elconspirador.com.mx\/index.php?rest_route=\/wp\/v2\/posts"}],"about":[{"href":"https:\/\/elconspirador.com.mx\/index.php?rest_route=\/wp\/v2\/types\/post"}],"author":[{"embeddable":true,"href":"https:\/\/elconspirador.com.mx\/index.php?rest_route=\/wp\/v2\/users\/1"}],"replies":[{"embeddable":true,"href":"https:\/\/elconspirador.com.mx\/index.php?rest_route=%2Fwp%2Fv2%2Fcomments&post=75488"}],"version-history":[{"count":2,"href":"https:\/\/elconspirador.com.mx\/index.php?rest_route=\/wp\/v2\/posts\/75488\/revisions"}],"predecessor-version":[{"id":75648,"href":"https:\/\/elconspirador.com.mx\/index.php?rest_route=\/wp\/v2\/posts\/75488\/revisions\/75648"}],"wp:featuredmedia":[{"embeddable":true,"href":"https:\/\/elconspirador.com.mx\/index.php?rest_route=\/wp\/v2\/media\/75489"}],"wp:attachment":[{"href":"https:\/\/elconspirador.com.mx\/index.php?rest_route=%2Fwp%2Fv2%2Fmedia&parent=75488"}],"wp:term":[{"taxonomy":"category","embeddable":true,"href":"https:\/\/elconspirador.com.mx\/index.php?rest_route=%2Fwp%2Fv2%2Fcategories&post=75488"},{"taxonomy":"post_tag","embeddable":true,"href":"https:\/\/elconspirador.com.mx\/index.php?rest_route=%2Fwp%2Fv2%2Ftags&post=75488"}],"curies":[{"name":"wp","href":"https:\/\/api.w.org\/{rel}","templated":true}]}}