{"id":75499,"date":"2026-03-07T19:56:58","date_gmt":"2026-03-08T01:56:58","guid":{"rendered":"https:\/\/elconspirador.com.mx\/?p=75499"},"modified":"2026-03-07T19:56:58","modified_gmt":"2026-03-08T01:56:58","slug":"autoridades-apoyaran-a-ganaderos-afectados","status":"publish","type":"post","link":"https:\/\/elconspirador.com.mx\/?p=75499","title":{"rendered":"AUTORIDADES APOYAR\u00c1N A GANADEROS AFECTADOS"},"content":{"rendered":"<p>El gobernador de Quer\u00e9taro, Mauricio Kuri Gonz\u00e1lez, garantiz\u00f3 apoyo para los productores ganaderos que pudieran resultar afectados tras la confirmaci\u00f3n del primer caso de gusano barrenador en la zona serrana del estado.<\/p>\n<p>El mandatario estatal explic\u00f3 que el caso fue detectado recientemente en un ejemplar en el municipio de Landa de Matamoros, lo que obligar\u00e1 a reforzar las medidas sanitarias para evitar la propagaci\u00f3n de esta plaga que afecta al ganado.<\/p>\n<p>\u201cYa se ve\u00eda venir, desgraciadamente. Es una muy mala noticia para la zona ganadera del estado; se dio en la sierra. Seguimos apoyando a los ganaderos, aparte ya llevan un a\u00f1o\u201d.<\/p>\n<p>Kuri Gonz\u00e1lez reconoci\u00f3 que la presencia de esta plaga podr\u00eda complicar la apertura del mercado ganadero en la zona sur del pa\u00eds, situaci\u00f3n que tambi\u00e9n mantiene restricciones para la exportaci\u00f3n de ganado hacia Estados Unidos.<\/p>\n<p>\u201cEs un tema complicado, que el secretario de Desarrollo Agropecuario tendr\u00e1 que estar apoyando a todos los ganaderos y a los peque\u00f1os para que puedan seguir subsistiendo\u201d.<\/p>\n<p>El gobernador no descart\u00f3 que el gusano barrenador pueda expandirse a otras zonas del estado, principalmente en la regi\u00f3n serrana y el semidesierto, debido a que el riesgo de propagaci\u00f3n ha sido persistente.<\/p>\n","protected":false},"excerpt":{"rendered":"<p>El gobernador de Quer\u00e9taro, Mauricio Kuri Gonz\u00e1lez, garantiz\u00f3 apoyo para los productores ganaderos que pudieran resultar afectados tras la confirmaci\u00f3n del primer caso de gusano barrenador en la zona serrana del estado. El mandatario estatal explic\u00f3 que el caso fue detectado recientemente en un ejemplar en el municipio de Landa de Matamoros, lo que obligar\u00e1 a reforzar las medidas sanitarias<\/p>\n<div class=\"h10\"><\/div>\n<p><a class=\"more-link2 flat\" href=\"https:\/\/elconspirador.com.mx\/?p=75499\">Leer m\u00e1s<\/a><\/p>\n","protected":false},"author":1,"featured_media":75500,"comment_status":"open","ping_status":"open","sticky":false,"template":"","format":"standard","meta":{"om_disable_all_campaigns":false,"_uf_show_specific_survey":0,"_uf_disable_surveys":false},"categories":[1],"tags":[],"aioseo_notices":[],"_links":{"self":[{"href":"https:\/\/elconspirador.com.mx\/index.php?rest_route=\/wp\/v2\/posts\/75499"}],"collection":[{"href":"https:\/\/elconspirador.com.mx\/index.php?rest_route=\/wp\/v2\/posts"}],"about":[{"href":"https:\/\/elconspirador.com.mx\/index.php?rest_route=\/wp\/v2\/types\/post"}],"author":[{"embeddable":true,"href":"https:\/\/elconspirador.com.mx\/index.php?rest_route=\/wp\/v2\/users\/1"}],"replies":[{"embeddable":true,"href":"https:\/\/elconspirador.com.mx\/index.php?rest_route=%2Fwp%2Fv2%2Fcomments&post=75499"}],"version-history":[{"count":1,"href":"https:\/\/elconspirador.com.mx\/index.php?rest_route=\/wp\/v2\/posts\/75499\/revisions"}],"predecessor-version":[{"id":75501,"href":"https:\/\/elconspirador.com.mx\/index.php?rest_route=\/wp\/v2\/posts\/75499\/revisions\/75501"}],"wp:featuredmedia":[{"embeddable":true,"href":"https:\/\/elconspirador.com.mx\/index.php?rest_route=\/wp\/v2\/media\/75500"}],"wp:attachment":[{"href":"https:\/\/elconspirador.com.mx\/index.php?rest_route=%2Fwp%2Fv2%2Fmedia&parent=75499"}],"wp:term":[{"taxonomy":"category","embeddable":true,"href":"https:\/\/elconspirador.com.mx\/index.php?rest_route=%2Fwp%2Fv2%2Fcategories&post=75499"},{"taxonomy":"post_tag","embeddable":true,"href":"https:\/\/elconspirador.com.mx\/index.php?rest_route=%2Fwp%2Fv2%2Ftags&post=75499"}],"curies":[{"name":"wp","href":"https:\/\/api.w.org\/{rel}","templated":true}]}}