{"id":75503,"date":"2026-03-07T14:43:58","date_gmt":"2026-03-07T20:43:58","guid":{"rendered":"https:\/\/elconspirador.com.mx\/?p=75503"},"modified":"2026-03-07T14:43:58","modified_gmt":"2026-03-07T20:43:58","slug":"tratado-con-ee-uu-y-canada-traera-mas-inversiones","status":"publish","type":"post","link":"https:\/\/elconspirador.com.mx\/?p=75503","title":{"rendered":"TRATADO CON EE.UU. Y CANAD\u00c1 TRAER\u00c1 M\u00c1S INVERSIONES"},"content":{"rendered":"<p>El gobernador de Quer\u00e9taro, Mauricio Kuri Gonz\u00e1lez, confi\u00f3 en que la revisi\u00f3n del tratado comercial entre M\u00e9xico, Estados Unidos y Canad\u00e1 permitir\u00e1 atraer mayores inversiones a la regi\u00f3n de Norteam\u00e9rica, en un contexto internacional marcado por conflictos en otras partes del mundo.<\/p>\n<p>El mandatario estatal se\u00f1al\u00f3 que los conflictos militares en el Medio Oriente podr\u00edan provocar que las grandes empresas volteen a ver con mayor inter\u00e9s a esta regi\u00f3n para instalar sus operaciones.<\/p>\n<p>\u201cLos conflictos militares que hay en Medio Oriente, que hemos visto, van a permitir que la zona norte de Am\u00e9rica sea una zona visible para las grandes empresas, por lo que puede llegar mucha inversi\u00f3n a partir de que se cierre la revisi\u00f3n del Tratado de Libre Comercio\u201d.<\/p>\n<p>En ese sentido, consider\u00f3 que la relaci\u00f3n econ\u00f3mica entre M\u00e9xico y Estados Unidos continuar\u00e1 fortaleci\u00e9ndose, tal como ha ocurrido en los \u00faltimos a\u00f1os a nivel nacional.<\/p>\n<p>No obstante, advirti\u00f3 que uno de los principales retos para aprovechar la llegada de nuevas inversiones ser\u00e1 la disponibilidad de energ\u00eda para atender la demanda de las empresas que busquen instalarse en la regi\u00f3n.<\/p>\n<p>\u201cCreo que la parte m\u00e1s preocupante es la parte de energ\u00eda, ya que tenemos que tener para darle cabida a las empresas que puedan llegar\u201d.<\/p>\n<p>Finalmente, el gobernador afirm\u00f3 que, pese al escenario de incertidumbre en el gobierno estadounidense, la inversi\u00f3n proveniente de ese pa\u00eds contin\u00faa llegando tanto a Quer\u00e9taro como a M\u00e9xico.<\/p>\n","protected":false},"excerpt":{"rendered":"<p>El gobernador de Quer\u00e9taro, Mauricio Kuri Gonz\u00e1lez, confi\u00f3 en que la revisi\u00f3n del tratado comercial entre M\u00e9xico, Estados Unidos y Canad\u00e1 permitir\u00e1 atraer mayores inversiones a la regi\u00f3n de Norteam\u00e9rica, en un contexto internacional marcado por conflictos en otras partes del mundo. El mandatario estatal se\u00f1al\u00f3 que los conflictos militares en el Medio Oriente podr\u00edan provocar que las grandes empresas<\/p>\n<div class=\"h10\"><\/div>\n<p><a class=\"more-link2 flat\" href=\"https:\/\/elconspirador.com.mx\/?p=75503\">Leer m\u00e1s<\/a><\/p>\n","protected":false},"author":1,"featured_media":75504,"comment_status":"open","ping_status":"open","sticky":false,"template":"","format":"standard","meta":{"om_disable_all_campaigns":false,"_uf_show_specific_survey":0,"_uf_disable_surveys":false},"categories":[1],"tags":[],"aioseo_notices":[],"_links":{"self":[{"href":"https:\/\/elconspirador.com.mx\/index.php?rest_route=\/wp\/v2\/posts\/75503"}],"collection":[{"href":"https:\/\/elconspirador.com.mx\/index.php?rest_route=\/wp\/v2\/posts"}],"about":[{"href":"https:\/\/elconspirador.com.mx\/index.php?rest_route=\/wp\/v2\/types\/post"}],"author":[{"embeddable":true,"href":"https:\/\/elconspirador.com.mx\/index.php?rest_route=\/wp\/v2\/users\/1"}],"replies":[{"embeddable":true,"href":"https:\/\/elconspirador.com.mx\/index.php?rest_route=%2Fwp%2Fv2%2Fcomments&post=75503"}],"version-history":[{"count":1,"href":"https:\/\/elconspirador.com.mx\/index.php?rest_route=\/wp\/v2\/posts\/75503\/revisions"}],"predecessor-version":[{"id":75505,"href":"https:\/\/elconspirador.com.mx\/index.php?rest_route=\/wp\/v2\/posts\/75503\/revisions\/75505"}],"wp:featuredmedia":[{"embeddable":true,"href":"https:\/\/elconspirador.com.mx\/index.php?rest_route=\/wp\/v2\/media\/75504"}],"wp:attachment":[{"href":"https:\/\/elconspirador.com.mx\/index.php?rest_route=%2Fwp%2Fv2%2Fmedia&parent=75503"}],"wp:term":[{"taxonomy":"category","embeddable":true,"href":"https:\/\/elconspirador.com.mx\/index.php?rest_route=%2Fwp%2Fv2%2Fcategories&post=75503"},{"taxonomy":"post_tag","embeddable":true,"href":"https:\/\/elconspirador.com.mx\/index.php?rest_route=%2Fwp%2Fv2%2Ftags&post=75503"}],"curies":[{"name":"wp","href":"https:\/\/api.w.org\/{rel}","templated":true}]}}