{"id":75506,"date":"2026-03-06T13:14:20","date_gmt":"2026-03-06T19:14:20","guid":{"rendered":"https:\/\/elconspirador.com.mx\/?p=75506"},"modified":"2026-03-06T13:14:20","modified_gmt":"2026-03-06T19:14:20","slug":"capital-capacitara-a-jovenes-en-innovacion-y-tecnologia","status":"publish","type":"post","link":"https:\/\/elconspirador.com.mx\/?p=75506","title":{"rendered":"CAPITAL CAPACITAR\u00c1 A J\u00d3VENES EN INNOVACI\u00d3N Y TECNOLOG\u00cdA"},"content":{"rendered":"<p>Con el objetivo de fortalecer la formaci\u00f3n tecnol\u00f3gica y preparar a las nuevas generaciones para los retos de la econom\u00eda digital, se llev\u00f3 a cabo la presentaci\u00f3n del Programa de Formaci\u00f3n en Innovaci\u00f3n Tecnol\u00f3gica \u201cLa Comunidad del Futuro\u201d, as\u00ed como la entrega de reconocimientos del programa Santander\u2013Quer\u00e9taro Data Centers, en el Centro de Innovaci\u00f3n y Tecnolog\u00eda BLOQUE.<\/p>\n<p>Durante la jornada, el secretario de Innovaci\u00f3n y Tecnolog\u00eda del Municipio de Quer\u00e9taro, Rodrigo Ruiz Ballesteros, present\u00f3 el programa \u201cLa Comunidad del Futuro\u201d, una iniciativa que busca complementar la educaci\u00f3n tradicional mediante capacitaci\u00f3n en tecnolog\u00edas emergentes y \u00e1reas de alta demanda dentro de la econom\u00eda digital.<\/p>\n<p>El programa se desarrollar\u00e1 de marzo a octubre y tiene como objetivo capacitar a 10,000 personas a trav\u00e9s de cursos, talleres, conferencias y programas especializados que permitir\u00e1n a estudiantes de nivel medio superior y superior, as\u00ed como al p\u00fablico en general, desarrollar habilidades pr\u00e1cticas en \u00e1reas como ciberseguridad, inteligencia artificial, ciencia de datos, desarrollo tecnol\u00f3gico, rob\u00f3tica, drones e impresi\u00f3n 3D, marketing digital, realidad virtual y videojuegos, as\u00ed como eSports.<\/p>\n<p>La iniciativa contribuye a reducir la brecha digital al ampliar el acceso a formaci\u00f3n tecnol\u00f3gica especializada, fortaleciendo la equidad en oportunidades educativas y profesionales en el municipio.<\/p>\n<p>\u201cEn BLOQUE no solo damos cursos. Estamos formando el talento que va a transformar Quer\u00e9taro. Queremos que nuestras ni\u00f1as, ni\u00f1os y j\u00f3venes no solo se adapten al cambio tecnol\u00f3gico, sino que lo lideren.\u201d \u2014 Rodrigo Ruiz Ballesteros, secretario de Innovaci\u00f3n y Tecnolog\u00eda del Municipio de Quer\u00e9taro.<\/p>\n<p>El programa educativo est\u00e1 dise\u00f1ado bajo un modelo incluyente y accesible, con caracter\u00edsticas como: capacitaci\u00f3n totalmente gratuita y abierta al p\u00fablico, modalidad h\u00edbrida, combinando actividades presenciales y virtuales, cursos en BLOQUE, escuelas y delegaciones del municipio, apoyo con transporte para facilitar el acceso y programas especializados para ni\u00f1as y j\u00f3venes en \u00e1reas STEM, impulsando el cierre de la brecha de g\u00e9nero en tecnolog\u00eda<\/p>\n<p>Adem\u00e1s, el proyecto cuenta con la colaboraci\u00f3n de instituciones acad\u00e9micas y aliados estrat\u00e9gicos con diversas organizaciones del ecosistema tecnol\u00f3gico, que contribuir\u00e1n con programas de formaci\u00f3n y certificaci\u00f3n.<\/p>\n<p>Entre las actividades previstas se incluyen cursos sabatinos para ni\u00f1as y ni\u00f1os, un curso tecnol\u00f3gico de verano, talleres de habilidades digitales para personas adultas mayores, programas dirigidos a madres digitales y un Festival de Proyectos Tecnol\u00f3gicos en octubre, donde los participantes presentar\u00e1n las soluciones desarrolladas durante el programa.<\/p>\n<p>En el marco del evento, el Dr. Arturo Cherbowski Lask, director ejecutivo de Santander Universidades y director general de Universia M\u00e9xico, destac\u00f3 la colaboraci\u00f3n entre academia, gobierno e iniciativa privada para impulsar la innovaci\u00f3n y la empleabilidad juvenil.<\/p>\n<p>La secretaria de Educaci\u00f3n del estado la Dra. Martha Elena Soto Obreg\u00f3n, se\u00f1al\u00f3 que apostar por la formaci\u00f3n tecnol\u00f3gica es apostar por el futuro de Quer\u00e9taro, destacando que cada joven capacitado representa una oportunidad para transformar su entorno y construir un estado m\u00e1s competitivo e innovador.<\/p>\n<p>Posteriormente, se realiz\u00f3 la entrega de reconocimientos a instituciones p\u00fablicas de educaci\u00f3n superior y estudiantes destacados por su participaci\u00f3n en el programa Santander\u2013Quer\u00e9taro Data Centers, iniciativa que ha consolidado resultados relevantes en formaci\u00f3n tecnol\u00f3gica en la entidad.<\/p>\n<p>Entre los principales resultados del programa destacan: 10,093 becas otorgadas, 3,117 participantes inscritos y 6,722 cursos concluidos.<\/p>\n<p>Las capacitaciones m\u00e1s solicitadas estuvieron relacionadas con inteligencia artificial, dise\u00f1o de experiencia de usuario, gesti\u00f3n de proyectos, innovaci\u00f3n, an\u00e1lisis de datos y habilidades personales, reflejando las tendencias globales del mercado laboral tecnol\u00f3gico.<\/p>\n<p>Instituciones como la Universidad Aut\u00f3noma de Quer\u00e9taro, la Universidad Tecnol\u00f3gica de Quer\u00e9taro y la Universidad Polit\u00e9cnica de Quer\u00e9taro sobresalieron por el n\u00famero de cursos finalizados por su comunidad estudiantil.<\/p>\n<p>Durante su mensaje, la secretaria de Educaci\u00f3n subray\u00f3 que estas acciones fortalecen el ecosistema de innovaci\u00f3n del estado y contribuyen a formar talento competitivo, preparado para integrarse a sectores estrat\u00e9gicos de alto crecimiento.<br \/>\nConsulta todos los cursos disponibles en:<br \/>\nhttps:\/\/bloqueqro.municipiodequeretaro.gob.mx\/<br \/>\nConoce m\u00e1s:<br \/>\n<iframe loading=\"lazy\" title=\"S\u00e9 parte de la comunidad tecnol\u00f3gica de Mpio. de Quer\u00e9taro BLOQUE Centro de Innovaci\u00f3n y Tecnolog\u00eda\" width=\"1200\" height=\"675\" src=\"https:\/\/www.youtube.com\/embed\/c-nrOcQk0pE?feature=oembed\" frameborder=\"0\" allow=\"accelerometer; autoplay; clipboard-write; encrypted-media; gyroscope; picture-in-picture; web-share\" referrerpolicy=\"strict-origin-when-cross-origin\" allowfullscreen><\/iframe><br \/>\n\u00danete a la comunidad del futuro:<br \/>\nhttps:\/\/chat.whatsapp.com\/LIFRFmYjKsy2DHblrbwT2C<\/p>\n","protected":false},"excerpt":{"rendered":"<p>Con el objetivo de fortalecer la formaci\u00f3n tecnol\u00f3gica y preparar a las nuevas generaciones para los retos de la econom\u00eda digital, se llev\u00f3 a cabo la presentaci\u00f3n del Programa de Formaci\u00f3n en Innovaci\u00f3n Tecnol\u00f3gica \u201cLa Comunidad del Futuro\u201d, as\u00ed como la entrega de reconocimientos del programa Santander\u2013Quer\u00e9taro Data Centers, en el Centro de Innovaci\u00f3n y Tecnolog\u00eda BLOQUE. Durante la jornada,<\/p>\n<div class=\"h10\"><\/div>\n<p><a class=\"more-link2 flat\" href=\"https:\/\/elconspirador.com.mx\/?p=75506\">Leer m\u00e1s<\/a><\/p>\n","protected":false},"author":1,"featured_media":75507,"comment_status":"open","ping_status":"open","sticky":false,"template":"","format":"standard","meta":{"om_disable_all_campaigns":false,"_uf_show_specific_survey":0,"_uf_disable_surveys":false},"categories":[1],"tags":[],"aioseo_notices":[],"_links":{"self":[{"href":"https:\/\/elconspirador.com.mx\/index.php?rest_route=\/wp\/v2\/posts\/75506"}],"collection":[{"href":"https:\/\/elconspirador.com.mx\/index.php?rest_route=\/wp\/v2\/posts"}],"about":[{"href":"https:\/\/elconspirador.com.mx\/index.php?rest_route=\/wp\/v2\/types\/post"}],"author":[{"embeddable":true,"href":"https:\/\/elconspirador.com.mx\/index.php?rest_route=\/wp\/v2\/users\/1"}],"replies":[{"embeddable":true,"href":"https:\/\/elconspirador.com.mx\/index.php?rest_route=%2Fwp%2Fv2%2Fcomments&post=75506"}],"version-history":[{"count":1,"href":"https:\/\/elconspirador.com.mx\/index.php?rest_route=\/wp\/v2\/posts\/75506\/revisions"}],"predecessor-version":[{"id":75508,"href":"https:\/\/elconspirador.com.mx\/index.php?rest_route=\/wp\/v2\/posts\/75506\/revisions\/75508"}],"wp:featuredmedia":[{"embeddable":true,"href":"https:\/\/elconspirador.com.mx\/index.php?rest_route=\/wp\/v2\/media\/75507"}],"wp:attachment":[{"href":"https:\/\/elconspirador.com.mx\/index.php?rest_route=%2Fwp%2Fv2%2Fmedia&parent=75506"}],"wp:term":[{"taxonomy":"category","embeddable":true,"href":"https:\/\/elconspirador.com.mx\/index.php?rest_route=%2Fwp%2Fv2%2Fcategories&post=75506"},{"taxonomy":"post_tag","embeddable":true,"href":"https:\/\/elconspirador.com.mx\/index.php?rest_route=%2Fwp%2Fv2%2Ftags&post=75506"}],"curies":[{"name":"wp","href":"https:\/\/api.w.org\/{rel}","templated":true}]}}