{"id":75511,"date":"2026-03-06T14:36:17","date_gmt":"2026-03-06T20:36:17","guid":{"rendered":"https:\/\/elconspirador.com.mx\/?p=75511"},"modified":"2026-03-06T14:36:17","modified_gmt":"2026-03-06T20:36:17","slug":"queretaro-propone-a-federacion-rentar-avion-para-repatriar-a-mexicanos","status":"publish","type":"post","link":"https:\/\/elconspirador.com.mx\/?p=75511","title":{"rendered":"QUER\u00c9TARO PROPONE A FEDERACI\u00d3N RENTAR AVI\u00d3N PARA REPATRIAR A MEXICANOS"},"content":{"rendered":"<p>El gobierno de Quer\u00e9taro propuso a la Secretar\u00eda de Relaciones Exteriores la renta de un avi\u00f3n para facilitar el regreso de 74 queretanos que permanecen varados en la zona de conflicto en el Medio Oriente.<\/p>\n<p>As\u00ed lo inform\u00f3 el secretario de Gobierno estatal, Eric Gudi\u00f1o Torres, quien explic\u00f3 que ya se plante\u00f3 esta opci\u00f3n al gobierno federal ante la dificultad que enfrentan los connacionales para salir de la regi\u00f3n.<\/p>\n<p>\u201cEstamos nosotros ya proponiendo la renta de un avi\u00f3n, pero la obligaci\u00f3n y, por mandato constitucional, le corresponde al Gobierno Federal hacer un planteamiento real, no esperar a que la aerol\u00ednea les resuelva\u201d.<\/p>\n<p>El funcionario estatal indic\u00f3 que ya se sostuvo una reuni\u00f3n con autoridades federales para analizar alternativas que permitan evacuar a los mexicanos que se encuentran en la zona afectada por el conflicto.<\/p>\n<p>\u201cSe habla de que son 300 mexicanos; nosotros, en este momento, tenemos 74 queretanos que quieren regresarse. Hay 106, pero los otros, que son residentes, van a esperar; no quieren salir\u201d, detall\u00f3.<\/p>\n<p>Gudi\u00f1o Torres explic\u00f3 que la situaci\u00f3n se ha complicado debido a que las aerol\u00edneas han cancelado vuelos y muchos de los afectados ya agotaron sus recursos econ\u00f3micos para mantenerse en el extranjero.<\/p>\n<p>\u201cLa gente de Quer\u00e9taro ya quiere salir, est\u00e1 esperando una propuesta, primero del \u00e1rea encargada, que es Relaciones Exteriores; nosotros estamos apoyando\u201d.<\/p>\n<p>De acuerdo con el secretario de Gobierno, los vuelos programados para el 9 y 10 de marzo fueron nuevamente cancelados por las condiciones de seguridad en la regi\u00f3n.<\/p>\n<p>Adem\u00e1s, advirti\u00f3 que entre los queretanos que permanecen varados hay personas con condiciones m\u00e9dicas, incluidos adultos mayores, pacientes con diabetes y cuatro menores de edad, lo que aumenta la urgencia de concretar su retorno a M\u00e9xico.<\/p>\n","protected":false},"excerpt":{"rendered":"<p>El gobierno de Quer\u00e9taro propuso a la Secretar\u00eda de Relaciones Exteriores la renta de un avi\u00f3n para facilitar el regreso de 74 queretanos que permanecen varados en la zona de conflicto en el Medio Oriente. As\u00ed lo inform\u00f3 el secretario de Gobierno estatal, Eric Gudi\u00f1o Torres, quien explic\u00f3 que ya se plante\u00f3 esta opci\u00f3n al gobierno federal ante la dificultad<\/p>\n<div class=\"h10\"><\/div>\n<p><a class=\"more-link2 flat\" href=\"https:\/\/elconspirador.com.mx\/?p=75511\">Leer m\u00e1s<\/a><\/p>\n","protected":false},"author":1,"featured_media":75512,"comment_status":"open","ping_status":"open","sticky":false,"template":"","format":"standard","meta":{"om_disable_all_campaigns":false,"_uf_show_specific_survey":0,"_uf_disable_surveys":false},"categories":[1],"tags":[],"aioseo_notices":[],"_links":{"self":[{"href":"https:\/\/elconspirador.com.mx\/index.php?rest_route=\/wp\/v2\/posts\/75511"}],"collection":[{"href":"https:\/\/elconspirador.com.mx\/index.php?rest_route=\/wp\/v2\/posts"}],"about":[{"href":"https:\/\/elconspirador.com.mx\/index.php?rest_route=\/wp\/v2\/types\/post"}],"author":[{"embeddable":true,"href":"https:\/\/elconspirador.com.mx\/index.php?rest_route=\/wp\/v2\/users\/1"}],"replies":[{"embeddable":true,"href":"https:\/\/elconspirador.com.mx\/index.php?rest_route=%2Fwp%2Fv2%2Fcomments&post=75511"}],"version-history":[{"count":1,"href":"https:\/\/elconspirador.com.mx\/index.php?rest_route=\/wp\/v2\/posts\/75511\/revisions"}],"predecessor-version":[{"id":75515,"href":"https:\/\/elconspirador.com.mx\/index.php?rest_route=\/wp\/v2\/posts\/75511\/revisions\/75515"}],"wp:featuredmedia":[{"embeddable":true,"href":"https:\/\/elconspirador.com.mx\/index.php?rest_route=\/wp\/v2\/media\/75512"}],"wp:attachment":[{"href":"https:\/\/elconspirador.com.mx\/index.php?rest_route=%2Fwp%2Fv2%2Fmedia&parent=75511"}],"wp:term":[{"taxonomy":"category","embeddable":true,"href":"https:\/\/elconspirador.com.mx\/index.php?rest_route=%2Fwp%2Fv2%2Fcategories&post=75511"},{"taxonomy":"post_tag","embeddable":true,"href":"https:\/\/elconspirador.com.mx\/index.php?rest_route=%2Fwp%2Fv2%2Ftags&post=75511"}],"curies":[{"name":"wp","href":"https:\/\/api.w.org\/{rel}","templated":true}]}}