{"id":75516,"date":"2026-03-06T15:42:44","date_gmt":"2026-03-06T21:42:44","guid":{"rendered":"https:\/\/elconspirador.com.mx\/?p=75516"},"modified":"2026-03-06T15:42:44","modified_gmt":"2026-03-06T21:42:44","slug":"detienen-a-el-pelon-por-incendio-de-vehiculo-en-srj","status":"publish","type":"post","link":"https:\/\/elconspirador.com.mx\/?p=75516","title":{"rendered":"DETIENEN A \u201cEL PEL\u00d3N\u201d POR INCENDIO DE VEH\u00cdCULO EN SRJ"},"content":{"rendered":"<p>La Fiscal\u00eda General del Estado obtuvo la vinculaci\u00f3n a proceso de Marco \u201cN\u201d, alias \u201cEl Pel\u00f3n\u201d, por el delito de da\u00f1os dolosos calificados, por hechos ocurridos el 22 de febrero de 2026 en el municipio de Quer\u00e9taro.<\/p>\n<p>De acuerdo con los datos de prueba, en la colonia Jurica Pueblo, el imputado, en conjunto con Jes\u00fas \u201cN\u201d, alias \u201cRocha\u201d, instruy\u00f3 a un adolescente para que realizara la quema de veh\u00edculos.<\/p>\n<p>Posteriormente, \u201cEl pel\u00f3n\u201d condujo un veh\u00edculo, en compa\u00f1\u00eda de dos adolescentes, hasta la colonia Santa Rosa J\u00e1uregui. En ese punto, los menores de edad descendieron del veh\u00edculo, rompieron los cristales de un autom\u00f3vil y le arrojaron un l\u00edquido inflamable, provocando un incendio que ocasion\u00f3 da\u00f1os en el habit\u00e1culo de la unidad, mientras el imputado permanec\u00eda a bordo del veh\u00edculo para facilitar la huida.<\/p>\n<p>Derivado de la investigaci\u00f3n, esta Fiscal\u00eda expuso los datos de prueba que permitieron establecer la probable participaci\u00f3n del imputado en los hechos, los cuales habr\u00edan sido coordinados el mismo d\u00eda en que se reportaron incendios de veh\u00edculos en distintos puntos de la ciudad.<\/p>\n<p>Tras la audiencia correspondiente, la autoridad judicial resolvi\u00f3 vincular a proceso a Marco \u201cN\u201d, por el delito de da\u00f1os dolosos calificados, imponiendo como medida cautelar la prisi\u00f3n preventiva justificada y fijando un plazo de tres meses para la investigaci\u00f3n complementaria.<\/p>\n<p>La Fiscal\u00eda General del Estado informa que las investigaciones contin\u00faan para el total esclarecimiento de los hechos y para llevar ante la autoridad judicial a todas las personas involucradas en estos actos.<\/p>\n","protected":false},"excerpt":{"rendered":"<p>La Fiscal\u00eda General del Estado obtuvo la vinculaci\u00f3n a proceso de Marco \u201cN\u201d, alias \u201cEl Pel\u00f3n\u201d, por el delito de da\u00f1os dolosos calificados, por hechos ocurridos el 22 de febrero de 2026 en el municipio de Quer\u00e9taro. De acuerdo con los datos de prueba, en la colonia Jurica Pueblo, el imputado, en conjunto con Jes\u00fas \u201cN\u201d, alias \u201cRocha\u201d, instruy\u00f3 a<\/p>\n<div class=\"h10\"><\/div>\n<p><a class=\"more-link2 flat\" href=\"https:\/\/elconspirador.com.mx\/?p=75516\">Leer m\u00e1s<\/a><\/p>\n","protected":false},"author":1,"featured_media":75517,"comment_status":"open","ping_status":"open","sticky":false,"template":"","format":"standard","meta":{"om_disable_all_campaigns":false,"_uf_show_specific_survey":0,"_uf_disable_surveys":false},"categories":[1],"tags":[],"aioseo_notices":[],"_links":{"self":[{"href":"https:\/\/elconspirador.com.mx\/index.php?rest_route=\/wp\/v2\/posts\/75516"}],"collection":[{"href":"https:\/\/elconspirador.com.mx\/index.php?rest_route=\/wp\/v2\/posts"}],"about":[{"href":"https:\/\/elconspirador.com.mx\/index.php?rest_route=\/wp\/v2\/types\/post"}],"author":[{"embeddable":true,"href":"https:\/\/elconspirador.com.mx\/index.php?rest_route=\/wp\/v2\/users\/1"}],"replies":[{"embeddable":true,"href":"https:\/\/elconspirador.com.mx\/index.php?rest_route=%2Fwp%2Fv2%2Fcomments&post=75516"}],"version-history":[{"count":1,"href":"https:\/\/elconspirador.com.mx\/index.php?rest_route=\/wp\/v2\/posts\/75516\/revisions"}],"predecessor-version":[{"id":75518,"href":"https:\/\/elconspirador.com.mx\/index.php?rest_route=\/wp\/v2\/posts\/75516\/revisions\/75518"}],"wp:featuredmedia":[{"embeddable":true,"href":"https:\/\/elconspirador.com.mx\/index.php?rest_route=\/wp\/v2\/media\/75517"}],"wp:attachment":[{"href":"https:\/\/elconspirador.com.mx\/index.php?rest_route=%2Fwp%2Fv2%2Fmedia&parent=75516"}],"wp:term":[{"taxonomy":"category","embeddable":true,"href":"https:\/\/elconspirador.com.mx\/index.php?rest_route=%2Fwp%2Fv2%2Fcategories&post=75516"},{"taxonomy":"post_tag","embeddable":true,"href":"https:\/\/elconspirador.com.mx\/index.php?rest_route=%2Fwp%2Fv2%2Ftags&post=75516"}],"curies":[{"name":"wp","href":"https:\/\/api.w.org\/{rel}","templated":true}]}}