{"id":75528,"date":"2026-03-06T18:39:47","date_gmt":"2026-03-07T00:39:47","guid":{"rendered":"https:\/\/elconspirador.com.mx\/?p=75528"},"modified":"2026-03-06T18:39:47","modified_gmt":"2026-03-07T00:39:47","slug":"autoridades-de-queretaro-reconocen-a-mujeres-policias","status":"publish","type":"post","link":"https:\/\/elconspirador.com.mx\/?p=75528","title":{"rendered":"AUTORIDADES DE QUER\u00c9TARO RECONOCEN A MUJERES POLIC\u00cdAS"},"content":{"rendered":"<p class=\"s6\"><span class=\"s18\"><span class=\"bumpedFont15\">La seguridad en Quer\u00e9taro se fortalece con el liderazgo y compromiso de las mujeres, <\/span><\/span><span class=\"s19\"><span class=\"bumpedFont15\">afirmaron autoridades estatales encabezadas por el gobernador<\/span><\/span><span class=\"s19\"><span class=\"bumpedFont15\">,<\/span><\/span><span class=\"s19\"><span class=\"bumpedFont15\"> Mauricio Kuri Gonz\u00e1lez,<\/span><\/span><span class=\"s18\"><span class=\"bumpedFont15\">durante la entrega de <\/span><\/span><span class=\"s18\"><span class=\"bumpedFont15\">la presea\u00a0<\/span><\/span><span class=\"s20\"><span class=\"bumpedFont15\">Josefa Ortiz de Dom\u00ednguez<\/span><\/span><span class=\"s18\"><span class=\"bumpedFont15\"> a mujeres de la Secretar\u00eda de Seguridad Ciudadana y la Polic\u00eda Estatal con m\u00e1s de 20 a\u00f1os de servicio.<\/span><\/span><\/p>\n<p class=\"s6\"><span class=\"s18\"><span class=\"bumpedFont15\">El secretario de Seguridad Ciudadana, <\/span><\/span><span class=\"s18\"><span class=\"bumpedFont15\">Iov\u00e1n<\/span><\/span><span class=\"s18\"><span class=\"bumpedFont15\"> El\u00edas P\u00e9rez Hern\u00e1ndez<\/span><\/span><span class=\"s18\"><span class=\"bumpedFont15\">,<\/span><\/span><span class=\"s18\"><span class=\"bumpedFont15\"> se\u00f1al\u00f3, que la participaci\u00f3n de las mujeres en la seguridad p\u00fablica es indispensable pues aportan sensibilidad, inteligencia estrat\u00e9gica, capacidad de mediaci\u00f3n, liderazgo y una enorme fortaleza para enfrentar los retos de la seguridad, y gracias a ello nuestras instituciones son hoy m\u00e1s humanas, m\u00e1s completas y m\u00e1s fuertes.<\/span><\/span><\/p>\n<p class=\"s6\"><span class=\"s18\"><span class=\"bumpedFont15\">Mencion\u00f3 que este 2026, m\u00e1s de la mitad de los puestos de alta direcci\u00f3n en la Secretar\u00eda de Seguridad Ciudadana est\u00e1n ocupados por mujeres, resultado de talento, de preparaci\u00f3n, de disciplina y de una convicci\u00f3n institucional de abrir espacios a quienes demuestran capacidad y compromiso.<\/span><\/span><\/p>\n<p class=\"s6\"><span class=\"s18\"><span class=\"bumpedFont15\">\u201cLa seguridad de Quer\u00e9taro tambi\u00e9n tiene rostro de mujer. Tiene la valent\u00eda de nuestras polic\u00edas. Tiene la inteligencia de nuestras directoras. Tiene el compromiso de nuestras compa\u00f1eras administrativas. Y tiene la fuerza de mujeres que todos los d\u00edas trabajan para que miles de familias puedan vivir con tranquilidad\u201d, concluy\u00f3.<\/span><\/span><\/p>\n<p class=\"s6\"><span class=\"s18\"><span class=\"bumpedFont15\">La presidenta del Patronato del Sistema Estatal DIF, Car Herrera de Kuri, <\/span><\/span><span class=\"s18\"><span class=\"bumpedFont15\">se\u00f1al\u00f3<\/span><\/span><span class=\"s18\"><span class=\"bumpedFont15\"> que como servidores p\u00fablicos en seguridad ciudadana, el D\u00eda Internacional de la <\/span><\/span><span class=\"s18\"><span class=\"bumpedFont15\">Mujer, adquiere un significado a\u00fan m\u00e1s profundo, ya que las mujeres polic\u00edas aportan una perspectiva \u00fanica de empat\u00eda, resiliencia y valent\u00eda.<\/span><\/span><\/p>\n<p class=\"s6\"><span class=\"s18\"><span class=\"bumpedFont15\">\u201cHoy hago un llamado para apoyar y proteger a las mujeres, a trabajar en equipo para seguir construyendo un Quer\u00e9taro cada vez m\u00e1s justo, fuerte y equitativo. Que este 8 de marzo sea un compromiso renovado para educar sin estereotipos, trabajar sin discriminaci\u00f3n y vivir sin violencia, porque cuando una mujer avanza, toda la humanidad avanza con ella\u201d, <\/span><\/span><span class=\"s18\"><span class=\"bumpedFont15\">concluy\u00f3<\/span><\/span><span class=\"s18\"><span class=\"bumpedFont15\">.<\/span><\/span><\/p>\n<p class=\"s22\"><span class=\"s21\">\u00a0<\/span><\/p>\n","protected":false},"excerpt":{"rendered":"<p>La seguridad en Quer\u00e9taro se fortalece con el liderazgo y compromiso de las mujeres, afirmaron autoridades estatales encabezadas por el gobernador, Mauricio Kuri Gonz\u00e1lez,durante la entrega de la presea\u00a0Josefa Ortiz de Dom\u00ednguez a mujeres de la Secretar\u00eda de Seguridad Ciudadana y la Polic\u00eda Estatal con m\u00e1s de 20 a\u00f1os de servicio. El secretario de Seguridad Ciudadana, Iov\u00e1n El\u00edas P\u00e9rez Hern\u00e1ndez,<\/p>\n<div class=\"h10\"><\/div>\n<p><a class=\"more-link2 flat\" href=\"https:\/\/elconspirador.com.mx\/?p=75528\">Leer m\u00e1s<\/a><\/p>\n","protected":false},"author":1,"featured_media":75529,"comment_status":"open","ping_status":"open","sticky":false,"template":"","format":"standard","meta":{"om_disable_all_campaigns":false,"_uf_show_specific_survey":0,"_uf_disable_surveys":false},"categories":[1],"tags":[],"aioseo_notices":[],"_links":{"self":[{"href":"https:\/\/elconspirador.com.mx\/index.php?rest_route=\/wp\/v2\/posts\/75528"}],"collection":[{"href":"https:\/\/elconspirador.com.mx\/index.php?rest_route=\/wp\/v2\/posts"}],"about":[{"href":"https:\/\/elconspirador.com.mx\/index.php?rest_route=\/wp\/v2\/types\/post"}],"author":[{"embeddable":true,"href":"https:\/\/elconspirador.com.mx\/index.php?rest_route=\/wp\/v2\/users\/1"}],"replies":[{"embeddable":true,"href":"https:\/\/elconspirador.com.mx\/index.php?rest_route=%2Fwp%2Fv2%2Fcomments&post=75528"}],"version-history":[{"count":2,"href":"https:\/\/elconspirador.com.mx\/index.php?rest_route=\/wp\/v2\/posts\/75528\/revisions"}],"predecessor-version":[{"id":75531,"href":"https:\/\/elconspirador.com.mx\/index.php?rest_route=\/wp\/v2\/posts\/75528\/revisions\/75531"}],"wp:featuredmedia":[{"embeddable":true,"href":"https:\/\/elconspirador.com.mx\/index.php?rest_route=\/wp\/v2\/media\/75529"}],"wp:attachment":[{"href":"https:\/\/elconspirador.com.mx\/index.php?rest_route=%2Fwp%2Fv2%2Fmedia&parent=75528"}],"wp:term":[{"taxonomy":"category","embeddable":true,"href":"https:\/\/elconspirador.com.mx\/index.php?rest_route=%2Fwp%2Fv2%2Fcategories&post=75528"},{"taxonomy":"post_tag","embeddable":true,"href":"https:\/\/elconspirador.com.mx\/index.php?rest_route=%2Fwp%2Fv2%2Ftags&post=75528"}],"curies":[{"name":"wp","href":"https:\/\/api.w.org\/{rel}","templated":true}]}}