{"id":75544,"date":"2026-03-09T07:56:50","date_gmt":"2026-03-09T13:56:50","guid":{"rendered":"https:\/\/elconspirador.com.mx\/?p=75544"},"modified":"2026-03-09T07:56:50","modified_gmt":"2026-03-09T13:56:50","slug":"corregidora-anuncio-obras-en-paseo-de-los-venados","status":"publish","type":"post","link":"https:\/\/elconspirador.com.mx\/?p=75544","title":{"rendered":"CORREGIDORA ANUNCI\u00d3 OBRAS EN PASEO DE LOS VENADOS"},"content":{"rendered":"<p class=\"s5\"><span class=\"s4\">El presidente municipal de Corregidora, Chepe Guerrero, anunci\u00f3 que a partir del mes de abril iniciar\u00e1 la rehabilitaci\u00f3n de la vialidad Paseo de los Venados, con el objetivo de mejorar las condiciones de tr\u00e1nsito y brindar mayor seguridad a las familias que circulan por esta importante conexi\u00f3n del municipio.<\/span><\/p>\n<p class=\"s5\"><span class=\"s4\">\u00a0<\/span><\/p>\n<p class=\"s5\"><span class=\"s4\">Chepe Guerrero<\/span><span class=\"s4\"> inform\u00f3 que esta obra contar\u00e1 con el respaldo del <\/span><span class=\"s4\">Gobierno del Estado de Quer\u00e9taro, <\/span><span class=\"s4\">con<\/span><span class=\"s4\"> una inversi\u00f3n por <\/span><span class=\"s4\">3.5 millones de pesos, con la que se realizar\u00e1n trabajos para eliminar baches y mejorar la superficie de rodamiento, beneficiando directamente a habitantes de <\/span><span class=\"s4\">condominios<\/span><span class=\"s4\"> como Ca\u00f1adas del Lago, El Condado, Real del Bosque, Vista Real, Ca\u00f1adas del Arroyo y Preserve Sur.<\/span><\/p>\n<p class=\"s5\"><span class=\"s4\">\u00a0<\/span><\/p>\n<p class=\"s5\"><span class=\"s4\">\u201cA partir del mes de abril, con el apoyo del gobernador Mauricio Kuri, con una inversi\u00f3n de m\u00e1s de 3.5 millones de pesos, vamos a rehabilitar este Paseo de los Venados, para que ya no tenga baches, para que no tenga hoyos, para que t\u00fa y tu familia puedan transitar de manera segura. Estamos avanzando con obras A Paso Firme\u201d, se\u00f1al\u00f3 el edil.<\/span><\/p>\n<p class=\"s5\"><span class=\"s4\">\u00a0<\/span><\/p>\n<p class=\"s5\"><span class=\"s4\">Igualmente, <\/span><span class=\"s4\">la secretaria de Obras P\u00fablicas Municipales, Viridiana Nava, <\/span><span class=\"s4\">hizo entrega de dos obras emergentes en<\/span><span class=\"s4\"> la zona<\/span><span class=\"s4\"> Paseo de los<\/span><span class=\"s4\"> Venados. La primera de ellas fue <\/span><span class=\"s4\">la <\/span><span class=\"s4\">reparaci\u00f3n del puente alcantarilla <\/span><span class=\"s4\">a base de mamposter\u00eda de piedra, ubicada <\/span><span class=\"s4\">en la calle Jos\u00e9 Mar\u00eda Truchuelo, donde se intervinieron <\/span><span class=\"s4\">tambi\u00e9n las<\/span><span class=\"s4\"> banquetas.<\/span><\/p>\n<p class=\"s5\"><span class=\"s4\">\u00a0<\/span><\/p>\n<p class=\"s5\"><span class=\"s4\">La segunda obra emergente<\/span> <span class=\"s4\">fue la rehabilitaci\u00f3n de taludes y malla anti derrumbes de la vialidad <\/span><span class=\"s4\">Paseo de los Venados, incluyendo limpieza, retiro de material erosionado, remoci\u00f3n de rocas y renovaci\u00f3n de<\/span><span class=\"s4\"> la<\/span><span class=\"s4\"> malla, con el fin de prevenir riesgos y conservar la seguridad vial.<\/span><\/p>\n<p class=\"s5\"><span class=\"s4\">\u00a0<\/span><\/p>\n<p class=\"s5\"><span class=\"s4\">\u201c<\/span><span class=\"s4\">Tuvimos algunas afectaciones en la temporada de lluvias, en donde se rehabilitaron los taludes que vemos aqu\u00ed en la parte de atr\u00e1s, en ambos lados, por m\u00e1s de 300 metros lineales.<\/span> <span class=\"s4\">Tambi\u00e9n se repar\u00f3 una parte pl<\/span><span class=\"s4\">uvial que pasa casi llegando Libramiento <\/span><span class=\"s4\">Sur P<\/span><span class=\"s4\">oniente,<\/span><span class=\"s4\"> donde se recolecta toda el agua de Paseo de los Venados y del Cimatario<\/span><span class=\"s4\">\u201d, apunt\u00f3<\/span><span class=\"s4\">. <\/span><\/p>\n<p class=\"s5\"><span class=\"s4\">\u00a0<\/span><\/p>\n<p class=\"s5\"><span class=\"s4\">Esas dos <\/span><span class=\"s4\">acciones representaron una inversi\u00f3n c<\/span><span class=\"s4\">ercana a 1.5 millones de pesos, <\/span><span class=\"s4\">beneficiando a m\u00e1s de <\/span><span class=\"s4\">35 mil ha<\/span><a name=\"_GoBack\"><\/a><span class=\"s4\">bitantes del municipio de Corregidora.<\/span><\/p>\n","protected":false},"excerpt":{"rendered":"<p>El presidente municipal de Corregidora, Chepe Guerrero, anunci\u00f3 que a partir del mes de abril iniciar\u00e1 la rehabilitaci\u00f3n de la vialidad Paseo de los Venados, con el objetivo de mejorar las condiciones de tr\u00e1nsito y brindar mayor seguridad a las familias que circulan por esta importante conexi\u00f3n del municipio. \u00a0 Chepe Guerrero inform\u00f3 que esta obra contar\u00e1 con el respaldo<\/p>\n<div class=\"h10\"><\/div>\n<p><a class=\"more-link2 flat\" href=\"https:\/\/elconspirador.com.mx\/?p=75544\">Leer m\u00e1s<\/a><\/p>\n","protected":false},"author":1,"featured_media":75545,"comment_status":"open","ping_status":"open","sticky":false,"template":"","format":"standard","meta":{"om_disable_all_campaigns":false,"_uf_show_specific_survey":0,"_uf_disable_surveys":false},"categories":[1],"tags":[],"aioseo_notices":[],"_links":{"self":[{"href":"https:\/\/elconspirador.com.mx\/index.php?rest_route=\/wp\/v2\/posts\/75544"}],"collection":[{"href":"https:\/\/elconspirador.com.mx\/index.php?rest_route=\/wp\/v2\/posts"}],"about":[{"href":"https:\/\/elconspirador.com.mx\/index.php?rest_route=\/wp\/v2\/types\/post"}],"author":[{"embeddable":true,"href":"https:\/\/elconspirador.com.mx\/index.php?rest_route=\/wp\/v2\/users\/1"}],"replies":[{"embeddable":true,"href":"https:\/\/elconspirador.com.mx\/index.php?rest_route=%2Fwp%2Fv2%2Fcomments&post=75544"}],"version-history":[{"count":1,"href":"https:\/\/elconspirador.com.mx\/index.php?rest_route=\/wp\/v2\/posts\/75544\/revisions"}],"predecessor-version":[{"id":75546,"href":"https:\/\/elconspirador.com.mx\/index.php?rest_route=\/wp\/v2\/posts\/75544\/revisions\/75546"}],"wp:featuredmedia":[{"embeddable":true,"href":"https:\/\/elconspirador.com.mx\/index.php?rest_route=\/wp\/v2\/media\/75545"}],"wp:attachment":[{"href":"https:\/\/elconspirador.com.mx\/index.php?rest_route=%2Fwp%2Fv2%2Fmedia&parent=75544"}],"wp:term":[{"taxonomy":"category","embeddable":true,"href":"https:\/\/elconspirador.com.mx\/index.php?rest_route=%2Fwp%2Fv2%2Fcategories&post=75544"},{"taxonomy":"post_tag","embeddable":true,"href":"https:\/\/elconspirador.com.mx\/index.php?rest_route=%2Fwp%2Fv2%2Ftags&post=75544"}],"curies":[{"name":"wp","href":"https:\/\/api.w.org\/{rel}","templated":true}]}}