{"id":75561,"date":"2026-03-08T16:25:00","date_gmt":"2026-03-08T22:25:00","guid":{"rendered":"https:\/\/elconspirador.com.mx\/?p=75561"},"modified":"2026-03-08T16:25:00","modified_gmt":"2026-03-08T22:25:00","slug":"poes-detiene-a-sujeto-por-presunto-homicida-de-la-cdmx","status":"publish","type":"post","link":"https:\/\/elconspirador.com.mx\/?p=75561","title":{"rendered":"POES DETIENE A SUJETO POR PRESUNTO HOMICIDA DE LA CDMX"},"content":{"rendered":"<p>La Polic\u00eda de Investigaci\u00f3n del Delito de esta Fiscal\u00eda en coordinaci\u00f3n con sus hom\u00f3logos de la Ciudad de M\u00e9xico, lograron la cumplimentaci\u00f3n de una orden de aprehensi\u00f3n en contra de un hombre, por su probable autor\u00eda en el delito de homicidio calificado, ocurrido en la colonia Jos\u00e9 L\u00f3pez Portillo, alcald\u00eda Iztapalapa, Ciudad de M\u00e9xico.<\/p>\n<p>La detenci\u00f3n se realiz\u00f3 el pasado 16 de febrero de 2026, en el fraccionamiento Villas del Refugio, municipio de El Marqu\u00e9s, Quer\u00e9taro. Tras su aseguramiento, se le dio lectura de sus derechos y fue puesto a disposici\u00f3n de la autoridad correspondiente.<\/p>\n<p>Seg\u00fan las investigaciones, el ahora detenido presuntamente accion\u00f3 un arma de fuego en contra de un hombre, ocasion\u00e1ndole una lesi\u00f3n en la cabeza que le provoc\u00f3 la muerte. Posteriormente, huy\u00f3 del lugar.<\/p>\n<p>La Fiscal\u00eda General del Estado de Quer\u00e9taro refrenda su compromiso de colaborar con las autoridades de otras entidades federativas para garantizar que quienes cuenten con mandamientos judiciales pendientes sean presentados ante la autoridad competente.<\/p>\n","protected":false},"excerpt":{"rendered":"<p>La Polic\u00eda de Investigaci\u00f3n del Delito de esta Fiscal\u00eda en coordinaci\u00f3n con sus hom\u00f3logos de la Ciudad de M\u00e9xico, lograron la cumplimentaci\u00f3n de una orden de aprehensi\u00f3n en contra de un hombre, por su probable autor\u00eda en el delito de homicidio calificado, ocurrido en la colonia Jos\u00e9 L\u00f3pez Portillo, alcald\u00eda Iztapalapa, Ciudad de M\u00e9xico. La detenci\u00f3n se realiz\u00f3 el pasado<\/p>\n<div class=\"h10\"><\/div>\n<p><a class=\"more-link2 flat\" href=\"https:\/\/elconspirador.com.mx\/?p=75561\">Leer m\u00e1s<\/a><\/p>\n","protected":false},"author":1,"featured_media":75562,"comment_status":"open","ping_status":"open","sticky":false,"template":"","format":"standard","meta":{"om_disable_all_campaigns":false,"_uf_show_specific_survey":0,"_uf_disable_surveys":false},"categories":[1],"tags":[],"aioseo_notices":[],"_links":{"self":[{"href":"https:\/\/elconspirador.com.mx\/index.php?rest_route=\/wp\/v2\/posts\/75561"}],"collection":[{"href":"https:\/\/elconspirador.com.mx\/index.php?rest_route=\/wp\/v2\/posts"}],"about":[{"href":"https:\/\/elconspirador.com.mx\/index.php?rest_route=\/wp\/v2\/types\/post"}],"author":[{"embeddable":true,"href":"https:\/\/elconspirador.com.mx\/index.php?rest_route=\/wp\/v2\/users\/1"}],"replies":[{"embeddable":true,"href":"https:\/\/elconspirador.com.mx\/index.php?rest_route=%2Fwp%2Fv2%2Fcomments&post=75561"}],"version-history":[{"count":1,"href":"https:\/\/elconspirador.com.mx\/index.php?rest_route=\/wp\/v2\/posts\/75561\/revisions"}],"predecessor-version":[{"id":75563,"href":"https:\/\/elconspirador.com.mx\/index.php?rest_route=\/wp\/v2\/posts\/75561\/revisions\/75563"}],"wp:featuredmedia":[{"embeddable":true,"href":"https:\/\/elconspirador.com.mx\/index.php?rest_route=\/wp\/v2\/media\/75562"}],"wp:attachment":[{"href":"https:\/\/elconspirador.com.mx\/index.php?rest_route=%2Fwp%2Fv2%2Fmedia&parent=75561"}],"wp:term":[{"taxonomy":"category","embeddable":true,"href":"https:\/\/elconspirador.com.mx\/index.php?rest_route=%2Fwp%2Fv2%2Fcategories&post=75561"},{"taxonomy":"post_tag","embeddable":true,"href":"https:\/\/elconspirador.com.mx\/index.php?rest_route=%2Fwp%2Fv2%2Ftags&post=75561"}],"curies":[{"name":"wp","href":"https:\/\/api.w.org\/{rel}","templated":true}]}}