{"id":75567,"date":"2026-03-08T18:12:33","date_gmt":"2026-03-09T00:12:33","guid":{"rendered":"https:\/\/elconspirador.com.mx\/?p=75567"},"modified":"2026-03-08T18:12:33","modified_gmt":"2026-03-09T00:12:33","slug":"felifer-entrega-computadoras-a-jovenes-capitalinos","status":"publish","type":"post","link":"https:\/\/elconspirador.com.mx\/?p=75567","title":{"rendered":"FELIFER ENTREGA COMPUTADORAS A J\u00d3VENES CAPITALINOS"},"content":{"rendered":"<p>El presidente municipal de Quer\u00e9taro, Felifer Mac\u00edas, encabez\u00f3 la entrega de computadoras port\u00e1tiles a trav\u00e9s del programa \u201cConectados\u201d, con el objetivo de reducir la brecha digital en el uso y acceso a las tecnolog\u00edas de la informaci\u00f3n para beneficiar a emprendedores, as\u00ed como a ni\u00f1as, ni\u00f1os y adolescentes, quienes ahora cuentan con una herramienta que les permite fortalecer sus estudios y desarrollar proyectos.<\/p>\n<p>\u201cLes estamos entregando una herramienta para potenciar sus capacidades, para abrirles la puerta al mundo con todo lo bueno que se puede tener y as\u00ed fortalecer esa visi\u00f3n que aqu\u00ed en Quer\u00e9taro construimos: adelantarnos al futuro y ser los mejores; que los queretanos y las queretanas sean los mejores en cualquier actividad que decidan desempe\u00f1ar\u201d, afirm\u00f3.<\/p>\n<p>Felifer Mac\u00edas encabez\u00f3 la entrega en el Centro de Innovaci\u00f3n y Tecnolog\u00eda Creativa (BLOQUE), donde resalt\u00f3 que el municipio de Quer\u00e9taro cuenta con un espacio dedicado al impulso de pol\u00edticas p\u00fablicas que fortalecen el emprendimiento y la generaci\u00f3n de empleo, adem\u00e1s de ofrecer herramientas para el desarrollo de proyectos innovadores.<\/p>\n<p>\u201cA diferencia de otras partes del pa\u00eds, esta es tierra f\u00e9rtil para emprender. Aqu\u00ed en Quer\u00e9taro, a diferencia de otros lugares, si se quieren arriesgar y echar a andar un negocio o una empresa, en el municipio nos encargamos de brindar todas las oportunidades para que puedan lograr ese sue\u00f1o y ese proyecto; pero que, al final del d\u00eda, si ustedes logran su sue\u00f1o, tambi\u00e9n est\u00e1n ayudando a su comunidad\u201d, se\u00f1al\u00f3.<\/p>\n<p>El secretario de Desarrollo Social, Jos\u00e9 Ojeda Dorantes, inform\u00f3 que esta entrega beneficia a m\u00e1s de cinco mil personas con computadoras, lo que contribuye a reducir la brecha digital y permite que m\u00e1s estudiantes y emprendedores cuenten con una herramienta para continuar con sus estudios o impulsar sus proyectos.<\/p>\n<p>La diputada local, Mar\u00eda Leonor Mej\u00eda Barraza, reconoci\u00f3 el trabajo que impulsa el municipio de Quer\u00e9taro para crear herramientas y brindar apoyo a ni\u00f1as, ni\u00f1os y adolescentes, con el prop\u00f3sito de que contin\u00faen con sus estudios y desarrollen proyectos de emprendimiento.<\/p>\n","protected":false},"excerpt":{"rendered":"<p>El presidente municipal de Quer\u00e9taro, Felifer Mac\u00edas, encabez\u00f3 la entrega de computadoras port\u00e1tiles a trav\u00e9s del programa \u201cConectados\u201d, con el objetivo de reducir la brecha digital en el uso y acceso a las tecnolog\u00edas de la informaci\u00f3n para beneficiar a emprendedores, as\u00ed como a ni\u00f1as, ni\u00f1os y adolescentes, quienes ahora cuentan con una herramienta que les permite fortalecer sus estudios<\/p>\n<div class=\"h10\"><\/div>\n<p><a class=\"more-link2 flat\" href=\"https:\/\/elconspirador.com.mx\/?p=75567\">Leer m\u00e1s<\/a><\/p>\n","protected":false},"author":1,"featured_media":75568,"comment_status":"open","ping_status":"open","sticky":false,"template":"","format":"standard","meta":{"om_disable_all_campaigns":false,"_uf_show_specific_survey":0,"_uf_disable_surveys":false},"categories":[1],"tags":[],"aioseo_notices":[],"_links":{"self":[{"href":"https:\/\/elconspirador.com.mx\/index.php?rest_route=\/wp\/v2\/posts\/75567"}],"collection":[{"href":"https:\/\/elconspirador.com.mx\/index.php?rest_route=\/wp\/v2\/posts"}],"about":[{"href":"https:\/\/elconspirador.com.mx\/index.php?rest_route=\/wp\/v2\/types\/post"}],"author":[{"embeddable":true,"href":"https:\/\/elconspirador.com.mx\/index.php?rest_route=\/wp\/v2\/users\/1"}],"replies":[{"embeddable":true,"href":"https:\/\/elconspirador.com.mx\/index.php?rest_route=%2Fwp%2Fv2%2Fcomments&post=75567"}],"version-history":[{"count":1,"href":"https:\/\/elconspirador.com.mx\/index.php?rest_route=\/wp\/v2\/posts\/75567\/revisions"}],"predecessor-version":[{"id":75569,"href":"https:\/\/elconspirador.com.mx\/index.php?rest_route=\/wp\/v2\/posts\/75567\/revisions\/75569"}],"wp:featuredmedia":[{"embeddable":true,"href":"https:\/\/elconspirador.com.mx\/index.php?rest_route=\/wp\/v2\/media\/75568"}],"wp:attachment":[{"href":"https:\/\/elconspirador.com.mx\/index.php?rest_route=%2Fwp%2Fv2%2Fmedia&parent=75567"}],"wp:term":[{"taxonomy":"category","embeddable":true,"href":"https:\/\/elconspirador.com.mx\/index.php?rest_route=%2Fwp%2Fv2%2Fcategories&post=75567"},{"taxonomy":"post_tag","embeddable":true,"href":"https:\/\/elconspirador.com.mx\/index.php?rest_route=%2Fwp%2Fv2%2Ftags&post=75567"}],"curies":[{"name":"wp","href":"https:\/\/api.w.org\/{rel}","templated":true}]}}