{"id":75570,"date":"2026-03-09T17:54:01","date_gmt":"2026-03-09T23:54:01","guid":{"rendered":"https:\/\/elconspirador.com.mx\/?p=75570"},"modified":"2026-03-09T17:54:01","modified_gmt":"2026-03-09T23:54:01","slug":"hombre-muere-atropellado-conductor-huye","status":"publish","type":"post","link":"https:\/\/elconspirador.com.mx\/?p=75570","title":{"rendered":"HOMBRE MUERE ATROPELLADO\u2026 CONDUCTOR HUYE"},"content":{"rendered":"<p>Un hombre muri\u00f3 al ser atropellado en Paseo de la Rep\u00fablica a la altura del parque industrial Jurica, en carriles con direcci\u00f3n a Quer\u00e9taro, mientras que el conductor involucrados en el fatal accidente huy\u00f3 del lugar.<\/p>\n<p>Fue durante la noche del domingo cuando elementos del la Guardia Nacional recibieron una llamada de auxilio al 911.<\/p>\n<p>La denuncia indicaba que un hombre hab\u00eda sido arrollado y que su cuerpo permanec\u00eda sobre la vialidad en carriles centrales en direcci\u00f3n a San Luis Potos\u00ed.<\/p>\n<p>Al llegar localizar, tendido al hombre, por lo que se solicit\u00f3 el apoyo de param\u00e9dicos, por lo que minutos despu\u00e9s llegaron socorristas del Centro Regulador de Urgencias M\u00e9dicas (CRUM), quienes solo pudieron confirmar el deceso del peat\u00f3n.<\/p>\n<p>En el lugar no hubo persona que reconociera a la v\u00edctima. Tampoco fue posible ubicar el veh\u00edculo que lo embisti\u00f3, ni al conductor responsable de la muerte del hombre.<\/p>\n<p>Bajo el resguardo y acordonamiento de elementos de la Guardia Nacional, la Fiscal\u00eda realiz\u00f3 las diligencias y el levantamiento del cuerpo que fue trasladado al Semefo.<\/p>\n<p>Te voy a recalcar que el responsable o Yo del sitio, sin que se tenga pista de las caracter\u00edsticas del veh\u00edculo que tripulaba.<\/p>\n","protected":false},"excerpt":{"rendered":"<p>Un hombre muri\u00f3 al ser atropellado en Paseo de la Rep\u00fablica a la altura del parque industrial Jurica, en carriles con direcci\u00f3n a Quer\u00e9taro, mientras que el conductor involucrados en el fatal accidente huy\u00f3 del lugar. Fue durante la noche del domingo cuando elementos del la Guardia Nacional recibieron una llamada de auxilio al 911. La denuncia indicaba que un<\/p>\n<div class=\"h10\"><\/div>\n<p><a class=\"more-link2 flat\" href=\"https:\/\/elconspirador.com.mx\/?p=75570\">Leer m\u00e1s<\/a><\/p>\n","protected":false},"author":1,"featured_media":75571,"comment_status":"open","ping_status":"open","sticky":false,"template":"","format":"standard","meta":{"om_disable_all_campaigns":false,"_uf_show_specific_survey":0,"_uf_disable_surveys":false},"categories":[1],"tags":[],"aioseo_notices":[],"_links":{"self":[{"href":"https:\/\/elconspirador.com.mx\/index.php?rest_route=\/wp\/v2\/posts\/75570"}],"collection":[{"href":"https:\/\/elconspirador.com.mx\/index.php?rest_route=\/wp\/v2\/posts"}],"about":[{"href":"https:\/\/elconspirador.com.mx\/index.php?rest_route=\/wp\/v2\/types\/post"}],"author":[{"embeddable":true,"href":"https:\/\/elconspirador.com.mx\/index.php?rest_route=\/wp\/v2\/users\/1"}],"replies":[{"embeddable":true,"href":"https:\/\/elconspirador.com.mx\/index.php?rest_route=%2Fwp%2Fv2%2Fcomments&post=75570"}],"version-history":[{"count":1,"href":"https:\/\/elconspirador.com.mx\/index.php?rest_route=\/wp\/v2\/posts\/75570\/revisions"}],"predecessor-version":[{"id":75572,"href":"https:\/\/elconspirador.com.mx\/index.php?rest_route=\/wp\/v2\/posts\/75570\/revisions\/75572"}],"wp:featuredmedia":[{"embeddable":true,"href":"https:\/\/elconspirador.com.mx\/index.php?rest_route=\/wp\/v2\/media\/75571"}],"wp:attachment":[{"href":"https:\/\/elconspirador.com.mx\/index.php?rest_route=%2Fwp%2Fv2%2Fmedia&parent=75570"}],"wp:term":[{"taxonomy":"category","embeddable":true,"href":"https:\/\/elconspirador.com.mx\/index.php?rest_route=%2Fwp%2Fv2%2Fcategories&post=75570"},{"taxonomy":"post_tag","embeddable":true,"href":"https:\/\/elconspirador.com.mx\/index.php?rest_route=%2Fwp%2Fv2%2Ftags&post=75570"}],"curies":[{"name":"wp","href":"https:\/\/api.w.org\/{rel}","templated":true}]}}