{"id":75577,"date":"2026-03-09T12:25:50","date_gmt":"2026-03-09T18:25:50","guid":{"rendered":"https:\/\/elconspirador.com.mx\/?p=75577"},"modified":"2026-03-09T12:25:50","modified_gmt":"2026-03-09T18:25:50","slug":"detienen-a-25-sujetos-en-marcha-del-8m-por-alteracion-del-orden","status":"publish","type":"post","link":"https:\/\/elconspirador.com.mx\/?p=75577","title":{"rendered":"DETIENEN A 25 SUJETOS EN MARCHA DEL 8M POR ALTERACI\u00d3N DEL ORDEN"},"content":{"rendered":"<p>El secretario de Gobierno del estado, Eric Gudi\u00f1o Torres, confirm\u00f3 que 25 personas fueron detenidas durante la marcha realizada el pasado fin de semana con motivo del D\u00eda Internacional de la Mujer, conmemorado el 8 de marzo.<\/p>\n<p>El funcionario estatal explic\u00f3 que todos los detenidos fueron hombres y que su aseguramiento se debi\u00f3 a faltas administrativas y alteraciones al orden p\u00fablico registradas durante el desarrollo de la movilizaci\u00f3n en distintos puntos de la capital queretana.<\/p>\n<p>\u201cTodos ellos por faltas administrativas y provocaci\u00f3n del orden p\u00fablico. Los 25 fueron hombres y se detuvieron por la Guardia Municipal\u201d.<\/p>\n<p>Respecto a la agresi\u00f3n registrada en la zona conocida como El Tanque, donde un hombre propin\u00f3 una patada a una manifestante, el secretario de Gobierno indic\u00f3 que hasta el momento desconoce si el agresor forma parte de las personas detenidas.<\/p>\n<p>No obstante, asegur\u00f3 que la informaci\u00f3n recabada ser\u00e1 compartida con las autoridades correspondientes para continuar con las investigaciones.<\/p>\n<p>\u201cSeguramente tambi\u00e9n, como parte de lo que se tiene, nosotros estaremos pasando esta informaci\u00f3n para que Fiscal\u00eda pueda hacer su trabajo\u201d.<\/p>\n<p>A pesar de estos hechos, Gudi\u00f1o Torres afirm\u00f3 que la marcha se desarroll\u00f3 de manera pac\u00edfica y con saldo blanco, al destacar que ninguna mujer fue detenida durante la movilizaci\u00f3n.<\/p>\n","protected":false},"excerpt":{"rendered":"<p>El secretario de Gobierno del estado, Eric Gudi\u00f1o Torres, confirm\u00f3 que 25 personas fueron detenidas durante la marcha realizada el pasado fin de semana con motivo del D\u00eda Internacional de la Mujer, conmemorado el 8 de marzo. El funcionario estatal explic\u00f3 que todos los detenidos fueron hombres y que su aseguramiento se debi\u00f3 a faltas administrativas y alteraciones al orden<\/p>\n<div class=\"h10\"><\/div>\n<p><a class=\"more-link2 flat\" href=\"https:\/\/elconspirador.com.mx\/?p=75577\">Leer m\u00e1s<\/a><\/p>\n","protected":false},"author":1,"featured_media":75578,"comment_status":"open","ping_status":"open","sticky":false,"template":"","format":"standard","meta":{"om_disable_all_campaigns":false,"_uf_show_specific_survey":0,"_uf_disable_surveys":false},"categories":[1],"tags":[],"aioseo_notices":[],"_links":{"self":[{"href":"https:\/\/elconspirador.com.mx\/index.php?rest_route=\/wp\/v2\/posts\/75577"}],"collection":[{"href":"https:\/\/elconspirador.com.mx\/index.php?rest_route=\/wp\/v2\/posts"}],"about":[{"href":"https:\/\/elconspirador.com.mx\/index.php?rest_route=\/wp\/v2\/types\/post"}],"author":[{"embeddable":true,"href":"https:\/\/elconspirador.com.mx\/index.php?rest_route=\/wp\/v2\/users\/1"}],"replies":[{"embeddable":true,"href":"https:\/\/elconspirador.com.mx\/index.php?rest_route=%2Fwp%2Fv2%2Fcomments&post=75577"}],"version-history":[{"count":1,"href":"https:\/\/elconspirador.com.mx\/index.php?rest_route=\/wp\/v2\/posts\/75577\/revisions"}],"predecessor-version":[{"id":75579,"href":"https:\/\/elconspirador.com.mx\/index.php?rest_route=\/wp\/v2\/posts\/75577\/revisions\/75579"}],"wp:featuredmedia":[{"embeddable":true,"href":"https:\/\/elconspirador.com.mx\/index.php?rest_route=\/wp\/v2\/media\/75578"}],"wp:attachment":[{"href":"https:\/\/elconspirador.com.mx\/index.php?rest_route=%2Fwp%2Fv2%2Fmedia&parent=75577"}],"wp:term":[{"taxonomy":"category","embeddable":true,"href":"https:\/\/elconspirador.com.mx\/index.php?rest_route=%2Fwp%2Fv2%2Fcategories&post=75577"},{"taxonomy":"post_tag","embeddable":true,"href":"https:\/\/elconspirador.com.mx\/index.php?rest_route=%2Fwp%2Fv2%2Ftags&post=75577"}],"curies":[{"name":"wp","href":"https:\/\/api.w.org\/{rel}","templated":true}]}}