{"id":75580,"date":"2026-03-09T20:06:08","date_gmt":"2026-03-10T02:06:08","guid":{"rendered":"https:\/\/elconspirador.com.mx\/?p=75580"},"modified":"2026-03-09T20:06:08","modified_gmt":"2026-03-10T02:06:08","slug":"diputados-locales-de-morena-respaldan-reforma-de-sheinbaum","status":"publish","type":"post","link":"https:\/\/elconspirador.com.mx\/?p=75580","title":{"rendered":"DIPUTADOS LOCALES DE MORENA RESPALDAN REFORMA DE SHEINBAUM"},"content":{"rendered":"<p>Diputados de Morena en el Congreso de Quer\u00e9taro manifestaron su respaldo a la iniciativa de reforma electoral presentada por la presidenta de M\u00e9xico, Claudia Sheinbaum, al considerar que se trata de una propuesta que busca fortalecer el sistema democr\u00e1tico, mejorar el uso de los recursos p\u00fablicos y mantener intactas las facultades del Instituto Nacional Electoral (INE).<\/p>\n<p>El diputado federal Luis Humberto Fern\u00e1ndez se\u00f1al\u00f3 que la reforma electoral enviada a la C\u00e1mara de Diputados busca principalmente modificar la f\u00f3rmula de asignaci\u00f3n de recursos para organismos electorales y partidos pol\u00edticos, sin alterar las atribuciones del INE. Destac\u00f3 que uno de los objetivos centrales es evitar duplicidades administrativas y reducir gastos innecesarios dentro del sistema electoral.<\/p>\n<p>\u201cQueremos refrendar el apoyo irrestricto y sin ning\u00fan regateo a la iniciativa de la presidenta de la Rep\u00fablica, porque es lo m\u00e1s sano y lo m\u00e1s conveniente para la Rep\u00fablica\u201d, expres\u00f3.<\/p>\n<p>El legislador tambi\u00e9n explic\u00f3 que la propuesta contempla cambios en el esquema de representaci\u00f3n legislativa, particularmente en lo relacionado con las diputaciones plurinominales. Detall\u00f3 que el modelo planteado incluye mecanismos como listas abiertas y la asignaci\u00f3n de espacios a los candidatos con mejor desempe\u00f1o electoral dentro de cada partido.<\/p>\n<p>\u201cLo \u00fanico que se est\u00e1 haciendo es cambiar una f\u00f3rmula en la cual se asignan los recursos; no se toca una sola facultad del INE. El instituto mantiene su potencia y su capacidad\u201d, puntualiz\u00f3.<\/p>\n<p>Durante una conferencia de prensa, legisladores locales y federales tambi\u00e9n abordaron los acuerdos alcanzados en el reciente Consejo Nacional del partido, que marca el inicio de la organizaci\u00f3n interna rumbo al proceso pol\u00edtico de 2027.<\/p>\n<p>Fern\u00e1ndez explic\u00f3 que en dicho encuentro se definieron reglas de comportamiento y tiempos para el desarrollo de los trabajos internos, entre ellas evitar el uso de recursos p\u00fablicos, no utilizar espectaculares para promoci\u00f3n personal y privilegiar la unidad del partido.<\/p>\n<p>Asimismo, detall\u00f3 que el proceso comenzar\u00e1 el pr\u00f3ximo 22 de junio con diversas etapas organizativas que se desarrollar\u00e1n de manera escalonada hasta llegar a la integraci\u00f3n de estructuras municipales y estatales durante los pr\u00f3ximos meses. Seg\u00fan indic\u00f3, el objetivo es consolidar la estructura territorial del partido y definir qui\u00e9nes coordinar\u00e1n los trabajos pol\u00edticos rumbo a las pr\u00f3ximas elecciones.<\/p>\n","protected":false},"excerpt":{"rendered":"<p>Diputados de Morena en el Congreso de Quer\u00e9taro manifestaron su respaldo a la iniciativa de reforma electoral presentada por la presidenta de M\u00e9xico, Claudia Sheinbaum, al considerar que se trata de una propuesta que busca fortalecer el sistema democr\u00e1tico, mejorar el uso de los recursos p\u00fablicos y mantener intactas las facultades del Instituto Nacional Electoral (INE). El diputado federal Luis<\/p>\n<div class=\"h10\"><\/div>\n<p><a class=\"more-link2 flat\" href=\"https:\/\/elconspirador.com.mx\/?p=75580\">Leer m\u00e1s<\/a><\/p>\n","protected":false},"author":1,"featured_media":75581,"comment_status":"open","ping_status":"open","sticky":false,"template":"","format":"standard","meta":{"om_disable_all_campaigns":false,"_uf_show_specific_survey":0,"_uf_disable_surveys":false},"categories":[1],"tags":[],"aioseo_notices":[],"_links":{"self":[{"href":"https:\/\/elconspirador.com.mx\/index.php?rest_route=\/wp\/v2\/posts\/75580"}],"collection":[{"href":"https:\/\/elconspirador.com.mx\/index.php?rest_route=\/wp\/v2\/posts"}],"about":[{"href":"https:\/\/elconspirador.com.mx\/index.php?rest_route=\/wp\/v2\/types\/post"}],"author":[{"embeddable":true,"href":"https:\/\/elconspirador.com.mx\/index.php?rest_route=\/wp\/v2\/users\/1"}],"replies":[{"embeddable":true,"href":"https:\/\/elconspirador.com.mx\/index.php?rest_route=%2Fwp%2Fv2%2Fcomments&post=75580"}],"version-history":[{"count":1,"href":"https:\/\/elconspirador.com.mx\/index.php?rest_route=\/wp\/v2\/posts\/75580\/revisions"}],"predecessor-version":[{"id":75582,"href":"https:\/\/elconspirador.com.mx\/index.php?rest_route=\/wp\/v2\/posts\/75580\/revisions\/75582"}],"wp:featuredmedia":[{"embeddable":true,"href":"https:\/\/elconspirador.com.mx\/index.php?rest_route=\/wp\/v2\/media\/75581"}],"wp:attachment":[{"href":"https:\/\/elconspirador.com.mx\/index.php?rest_route=%2Fwp%2Fv2%2Fmedia&parent=75580"}],"wp:term":[{"taxonomy":"category","embeddable":true,"href":"https:\/\/elconspirador.com.mx\/index.php?rest_route=%2Fwp%2Fv2%2Fcategories&post=75580"},{"taxonomy":"post_tag","embeddable":true,"href":"https:\/\/elconspirador.com.mx\/index.php?rest_route=%2Fwp%2Fv2%2Ftags&post=75580"}],"curies":[{"name":"wp","href":"https:\/\/api.w.org\/{rel}","templated":true}]}}