{"id":75586,"date":"2026-03-09T12:51:49","date_gmt":"2026-03-09T18:51:49","guid":{"rendered":"https:\/\/elconspirador.com.mx\/?p=75586"},"modified":"2026-03-09T12:51:49","modified_gmt":"2026-03-09T18:51:49","slug":"sedesoq-capacitara-a-mil-promotores-de-paz","status":"publish","type":"post","link":"https:\/\/elconspirador.com.mx\/?p=75586","title":{"rendered":"SEDESOQ CAPACITAR\u00c1 A MIL PROMOTORES DE PAZ"},"content":{"rendered":"<p class=\"s15\"><span class=\"s6\"><span class=\"bumpedFont15\">En el marco del ejercicio Contigo Informamos, encabezado por el gobernador, Mauricio Kuri Gonz\u00e1lez, se <\/span><\/span><span class=\"s6\"><span class=\"bumpedFont15\">present\u00f3<\/span><\/span><span class=\"s6\"><span class=\"bumpedFont15\"> ante medios de comunicaci\u00f3n <\/span><\/span><span class=\"s6\"><span class=\"bumpedFont15\">la estrategia \u201cContigo por tu Familia\u201d, una iniciativa que busca brindar herramientas pr\u00e1cticas a la ciudadan\u00eda para prevenir y detectar a tiempo problem\u00e1ticas como las adicciones y la violencia al interior de los hogares. \u00a0<\/span><\/span><\/p>\n<p class=\"s15\"><span class=\"s6\">\u00a0<\/span><\/p>\n<p class=\"s15\"><span class=\"s6\"><span class=\"bumpedFont15\">Durante la presentaci\u00f3n,<\/span><\/span><span class=\"s6\"><span class=\"bumpedFont15\"> el secretario de Desarrollo Social del Estado, Luis Nava, explic\u00f3 que esta estrategia surge tras escuchar a la ciudadan\u00eda, as\u00ed como de diagn\u00f3sticos y encuestas aplicadas a estudiantes de educaci\u00f3n media superior en la entidad y con base en estos resultados se dise\u00f1\u00f3 un plan de acci\u00f3n que involucra a diversas dependencias estata<\/span><\/span><a name=\"_GoBack\"><\/a><span class=\"s6\"><span class=\"bumpedFont15\">les para fortalecer la atenci\u00f3n y prevenci\u00f3n en escu<\/span><\/span><span class=\"s6\"><span class=\"bumpedFont15\">elas, colonias y comunidades. \u00a0<\/span><\/span><\/p>\n<p class=\"s15\"><span class=\"s6\">\u00a0<\/span><\/p>\n<p class=\"s15\"><span class=\"s6\"><span class=\"bumpedFont15\">\u201cPero la principal problem\u00e1tica es que cuando la violencia llega al hogar, no solo rompe con la tranquilidad de una familia, rompe v\u00ednculos, afecta el desarrollo emocional, debilita la confianza y lastima proyectos de vida. Eso es lo que nosotros tenemos que cuidar y tenemos que fortalecer\u201d, e<\/span><\/span><span class=\"s6\"><span class=\"bumpedFont15\">xpuso.<\/span><\/span><\/p>\n<p class=\"s15\"><span class=\"s6\">\u00a0<\/span><\/p>\n<p class=\"s15\"><span class=\"s6\"><span class=\"bumpedFont15\">Luis Nava destac\u00f3 que este <\/span><\/span><span class=\"s6\"><span class=\"bumpedFont15\">plan contempla un trabajo coordinado entre instancias como la SEDEQ, USEBEQ, SESEQ, SEJUVE, SEDESOQ, CECA, INDEREQ, DIF y la Secretar\u00eda de la Mujer, con el objetivo de atender a ni\u00f1as, ni\u00f1os, adolescentes, madres y padres de <\/span><\/span><span class=\"s6\"><span class=\"bumpedFont15\">familia, as\u00ed como a docentes. \u00a0<\/span><\/span><\/p>\n<p class=\"s15\"><span class=\"s6\">\u00a0<\/span><\/p>\n<p class=\"s15\"><span class=\"s6\"><span class=\"bumpedFont15\">Asimismo, destac\u00f3 que este trabajo coordinado, obedece a las indicaciones del Gobernador, para brindar un servicio que mejore la calidad de vida de las personas, por lo que entre las acciones se contempla acercar <\/span><\/span><span class=\"s6\"><span class=\"bumpedFont15\">atenci\u00f3n psicol\u00f3gica, consultas m\u00e9dicas de primer y segundo nivel, tamizajes para la detecci\u00f3n temprana de <\/span><\/span><span class=\"s6\"><span class=\"bumpedFont15\">adicciones, as\u00ed como herramientas digitales como un <\/span><\/span><span class=\"s6\"><span class=\"bumpedFont15\">chatbot<\/span><\/span><span class=\"s6\"><span class=\"bumpedFont15\"> de atenci\u00f3n psicol<\/span><\/span><span class=\"s6\"><span class=\"bumpedFont15\">\u00f3gica disponible las 24 horas. <\/span><\/span><\/p>\n<p class=\"s15\"><span class=\"s6\">\u00a0<\/span><\/p>\n<p class=\"s15\"><span class=\"s6\"><span class=\"bumpedFont15\">De la misma forma, Luis N<\/span><\/span><span class=\"s6\"><span class=\"bumpedFont15\">a<\/span><\/span><span class=\"s6\"><span class=\"bumpedFont15\">va <\/span><\/span><span class=\"s6\"><span class=\"bumpedFont15\">asegur\u00f3 que dentro de las acciones a realizarse, tambi\u00e9n se contempla la <\/span><\/span><span class=\"s6\"><span class=\"bumpedFont15\">canalizaci\u00f3n de personas a programas de rehabilitaci\u00f3n y seguimiento especializado e<\/span><\/span><span class=\"s6\"><span class=\"bumpedFont15\">n los casos que <\/span><\/span><span class=\"s6\"><span class=\"bumpedFont15\">as\u00ed lo requieran, pues reiter\u00f3 que en Quer\u00e9taro se trabaja a favor de quienes m\u00e1s lo necesitan. <\/span><\/span><span class=\"s6\"><span class=\"bumpedFont15\">\u00a0<\/span><\/span><\/p>\n<p class=\"s15\"><span class=\"s6\">\u00a0<\/span><\/p>\n<p class=\"s15\"><span class=\"s6\"><span class=\"bumpedFont15\">\u201cY aqu\u00ed algo muy importante en la atenci\u00f3n y la rehabilitaci\u00f3n es que estamos convencidos de la prevenci\u00f3n, pero tambi\u00e9n estamos convencidos de que todos merecen una segunda oportunidad. Y por eso es importante la atenci\u00f3n y la rehabilitaci\u00f3n (\u2026) cuando protegemos a una familia protegemos tambi\u00e9n la paz, la comunidad y el porvenir de Quer\u00e9taro\u201d, se\u00f1al\u00f3.<\/span><\/span><\/p>\n<p class=\"s5\">\n<p class=\"s15\"><span class=\"s6\"><span class=\"bumpedFont15\">Finalmente,<\/span><\/span><span class=\"s6\"><span class=\"bumpedFont15\"> el titular de SEDESOQ <\/span><\/span><span class=\"s6\"><span class=\"bumpedFont15\">coment\u00f3 que como parte de la estrategia se impulsar\u00e1 adem\u00e1s la capacitaci\u00f3n de mil Promotores de Paz, ciudadanos que recibir\u00e1n formaci\u00f3n en primeros auxilios, prevenci\u00f3n y combate de incendios, as\u00ed como en protocolos de actuaci\u00f3n ante emergencias, con el fin de que se conviertan en primeros puntos de alerta y apoyo dentro de sus comunidades.<\/span><\/span><\/p>\n","protected":false},"excerpt":{"rendered":"<p>En el marco del ejercicio Contigo Informamos, encabezado por el gobernador, Mauricio Kuri Gonz\u00e1lez, se present\u00f3 ante medios de comunicaci\u00f3n la estrategia \u201cContigo por tu Familia\u201d, una iniciativa que busca brindar herramientas pr\u00e1cticas a la ciudadan\u00eda para prevenir y detectar a tiempo problem\u00e1ticas como las adicciones y la violencia al interior de los hogares. \u00a0 \u00a0 Durante la presentaci\u00f3n, el<\/p>\n<div class=\"h10\"><\/div>\n<p><a class=\"more-link2 flat\" href=\"https:\/\/elconspirador.com.mx\/?p=75586\">Leer m\u00e1s<\/a><\/p>\n","protected":false},"author":1,"featured_media":75587,"comment_status":"open","ping_status":"open","sticky":false,"template":"","format":"standard","meta":{"om_disable_all_campaigns":false,"_uf_show_specific_survey":0,"_uf_disable_surveys":false},"categories":[1],"tags":[],"aioseo_notices":[],"_links":{"self":[{"href":"https:\/\/elconspirador.com.mx\/index.php?rest_route=\/wp\/v2\/posts\/75586"}],"collection":[{"href":"https:\/\/elconspirador.com.mx\/index.php?rest_route=\/wp\/v2\/posts"}],"about":[{"href":"https:\/\/elconspirador.com.mx\/index.php?rest_route=\/wp\/v2\/types\/post"}],"author":[{"embeddable":true,"href":"https:\/\/elconspirador.com.mx\/index.php?rest_route=\/wp\/v2\/users\/1"}],"replies":[{"embeddable":true,"href":"https:\/\/elconspirador.com.mx\/index.php?rest_route=%2Fwp%2Fv2%2Fcomments&post=75586"}],"version-history":[{"count":1,"href":"https:\/\/elconspirador.com.mx\/index.php?rest_route=\/wp\/v2\/posts\/75586\/revisions"}],"predecessor-version":[{"id":75588,"href":"https:\/\/elconspirador.com.mx\/index.php?rest_route=\/wp\/v2\/posts\/75586\/revisions\/75588"}],"wp:featuredmedia":[{"embeddable":true,"href":"https:\/\/elconspirador.com.mx\/index.php?rest_route=\/wp\/v2\/media\/75587"}],"wp:attachment":[{"href":"https:\/\/elconspirador.com.mx\/index.php?rest_route=%2Fwp%2Fv2%2Fmedia&parent=75586"}],"wp:term":[{"taxonomy":"category","embeddable":true,"href":"https:\/\/elconspirador.com.mx\/index.php?rest_route=%2Fwp%2Fv2%2Fcategories&post=75586"},{"taxonomy":"post_tag","embeddable":true,"href":"https:\/\/elconspirador.com.mx\/index.php?rest_route=%2Fwp%2Fv2%2Ftags&post=75586"}],"curies":[{"name":"wp","href":"https:\/\/api.w.org\/{rel}","templated":true}]}}