{"id":75589,"date":"2026-03-09T21:10:09","date_gmt":"2026-03-10T03:10:09","guid":{"rendered":"https:\/\/elconspirador.com.mx\/?p=75589"},"modified":"2026-03-09T21:10:09","modified_gmt":"2026-03-10T03:10:09","slug":"panistas-queretanos-van-por-mas-espacios-para-las-mujeres","status":"publish","type":"post","link":"https:\/\/elconspirador.com.mx\/?p=75589","title":{"rendered":"PANISTAS QUERETANOS VAN POR M\u00c1S ESPACIOS PARA LAS MUJERES"},"content":{"rendered":"<p>El Partido Acci\u00f3n Nacional (PAN) en Quer\u00e9taro garantizar\u00e1 que al menos la mitad de las candidaturas a presidencias municipales y m\u00e1s de la mitad de los distritos locales sean encabezadas por mujeres en el proceso electoral de 2027, inform\u00f3 el presidente del Comit\u00e9 Directivo Estatal, Mart\u00edn Arango Garc\u00eda.<\/p>\n<p>Durante una rueda de prensa en el marco de la conmemoraci\u00f3n del D\u00eda Internacional de la Mujer, el dirigente estatal destac\u00f3 que su partido busca fortalecer la participaci\u00f3n pol\u00edtica femenina y abrir m\u00e1s espacios de liderazgo para mujeres en los pr\u00f3ximos comicios.<\/p>\n<p>Explic\u00f3 que, en el caso de los distritos federales, el compromiso del PAN nacional es que tres de los seis distritos de Quer\u00e9taro sean encabezados por mujeres y tres por hombres, mientras que a nivel local se buscar\u00e1 que al menos ocho de los quince distritos tengan candidatas.<\/p>\n<p>\u201cEl PAN ir\u00e1 en los quince distritos locales en al menos ocho de ellos con una mujer, es decir, m\u00e1s de la mitad de los distritos locales del estado de Quer\u00e9taro ser\u00e1n encabezados por una mujer, al menos en lo que respecta al PAN. Y en los municipios tambi\u00e9n la mitad de las candidaturas ser\u00e1n abanderadas por una mujer\u201d, se\u00f1al\u00f3.<\/p>\n<p>Arango Garc\u00eda record\u00f3 que en la legislaci\u00f3n electoral ya se contempla la alternancia de g\u00e9nero en la candidatura a la gubernatura, lo que abre la posibilidad de que en el futuro el estado pueda ser gobernado por una mujer.<br \/>\n\u201cEstoy seguro que pronto Quer\u00e9taro tendr\u00e1 a su primera gobernadora\u201d, afirm\u00f3.<\/p>\n<p>El dirigente panista explic\u00f3 que, dentro del proceso interno para definir la coordinaci\u00f3n rumbo al proceso electoral de 2027, se contemplan perfiles femeninos con posibilidades de encabezar el proyecto pol\u00edtico del partido.<\/p>\n<p>\u201cDesde el inicio de este procedimiento planteamos que era indispensable que cupiera la posibilidad de que fuera coordinado por una mujer. Hay seis mujeres que nosotros creemos cuentan con las credenciales para abanderar este proyecto\u201d, indic\u00f3.<\/p>\n<p>Finalmente, reiter\u00f3 que la intenci\u00f3n del partido es que las mujeres no sean consideradas \u00fanicamente como una cuota de g\u00e9nero, sino como liderazgos con capacidad para competir y gobernar.<\/p>\n<p>\u201cNecesitamos s\u00ed o s\u00ed involucrar a las mujeres y no pensar que son una simple cuota de g\u00e9nero. Tienen que impulsarse de verdad y tomar las decisiones\u201d, concluy\u00f3.<\/p>\n","protected":false},"excerpt":{"rendered":"<p>El Partido Acci\u00f3n Nacional (PAN) en Quer\u00e9taro garantizar\u00e1 que al menos la mitad de las candidaturas a presidencias municipales y m\u00e1s de la mitad de los distritos locales sean encabezadas por mujeres en el proceso electoral de 2027, inform\u00f3 el presidente del Comit\u00e9 Directivo Estatal, Mart\u00edn Arango Garc\u00eda. Durante una rueda de prensa en el marco de la conmemoraci\u00f3n del<\/p>\n<div class=\"h10\"><\/div>\n<p><a class=\"more-link2 flat\" href=\"https:\/\/elconspirador.com.mx\/?p=75589\">Leer m\u00e1s<\/a><\/p>\n","protected":false},"author":1,"featured_media":75609,"comment_status":"open","ping_status":"open","sticky":false,"template":"","format":"standard","meta":{"om_disable_all_campaigns":false,"_uf_show_specific_survey":0,"_uf_disable_surveys":false},"categories":[1],"tags":[],"aioseo_notices":[],"_links":{"self":[{"href":"https:\/\/elconspirador.com.mx\/index.php?rest_route=\/wp\/v2\/posts\/75589"}],"collection":[{"href":"https:\/\/elconspirador.com.mx\/index.php?rest_route=\/wp\/v2\/posts"}],"about":[{"href":"https:\/\/elconspirador.com.mx\/index.php?rest_route=\/wp\/v2\/types\/post"}],"author":[{"embeddable":true,"href":"https:\/\/elconspirador.com.mx\/index.php?rest_route=\/wp\/v2\/users\/1"}],"replies":[{"embeddable":true,"href":"https:\/\/elconspirador.com.mx\/index.php?rest_route=%2Fwp%2Fv2%2Fcomments&post=75589"}],"version-history":[{"count":1,"href":"https:\/\/elconspirador.com.mx\/index.php?rest_route=\/wp\/v2\/posts\/75589\/revisions"}],"predecessor-version":[{"id":75590,"href":"https:\/\/elconspirador.com.mx\/index.php?rest_route=\/wp\/v2\/posts\/75589\/revisions\/75590"}],"wp:featuredmedia":[{"embeddable":true,"href":"https:\/\/elconspirador.com.mx\/index.php?rest_route=\/wp\/v2\/media\/75609"}],"wp:attachment":[{"href":"https:\/\/elconspirador.com.mx\/index.php?rest_route=%2Fwp%2Fv2%2Fmedia&parent=75589"}],"wp:term":[{"taxonomy":"category","embeddable":true,"href":"https:\/\/elconspirador.com.mx\/index.php?rest_route=%2Fwp%2Fv2%2Fcategories&post=75589"},{"taxonomy":"post_tag","embeddable":true,"href":"https:\/\/elconspirador.com.mx\/index.php?rest_route=%2Fwp%2Fv2%2Ftags&post=75589"}],"curies":[{"name":"wp","href":"https:\/\/api.w.org\/{rel}","templated":true}]}}