{"id":75591,"date":"2026-03-09T14:40:43","date_gmt":"2026-03-09T20:40:43","guid":{"rendered":"https:\/\/elconspirador.com.mx\/?p=75591"},"modified":"2026-03-09T14:40:43","modified_gmt":"2026-03-09T20:40:43","slug":"corregidora-reafirma-compromiso-con-20-instituciones-educativas","status":"publish","type":"post","link":"https:\/\/elconspirador.com.mx\/?p=75591","title":{"rendered":"CORREGIDORA REAFIRMA COMPROMISO CON 20 INSTITUCIONES EDUCATIVAS"},"content":{"rendered":"<p class=\"s5\"><span class=\"s4\">El presidente municipal de Corregidora, Chepe Guerrero, encabez\u00f3 la Red Educativa por las Juventudes, una firma de convenio con 20 instituciones educativas que reafirma el compromiso por apoyar, en conjunto, el crecimiento personal y profesional de las y los j\u00f3venes de la demarcaci\u00f3n con talleres, capacitaciones, programas de orientaci\u00f3n vocacional, iniciativas de emprendimiento y redes de apoyo para el fortalecimiento de oportunidades laborales.<\/span><\/p>\n<p class=\"s5\"><a name=\"_GoBack\"><\/a><\/p>\n<p class=\"s5\"><span class=\"s4\">Chepe Guerrero invit\u00f3 a las juventudes de Corregidora a continuar con sus proyectos profesionales y personales, utilizando las herramientas que pone a su disposici\u00f3n el Gobierno Municipal, como los convenios con las instituciones educativas, el programa de becas y el transporte escolar gratuito.<\/span><\/p>\n<p class=\"s5\"><span class=\"s4\">\u00a0<\/span><\/p>\n<p class=\"s5\"><span class=\"s4\">&#8220;No tengo duda que, en Corregidora, est\u00e1 la juventud m\u00e1s comprometida de Quer\u00e9taro. La responsabilidad de los que estamos en la toma de decisiones: funcionarios, directores y rectores, es darles todas las herramientas para que puedan seguirse desarrollando y salgan al mercado laboral y educativo con toda la ventaja que les d\u00e9 la formaci\u00f3n que tuvieron y la seriedad con la que enfrentaron sus retos&#8221;, coment\u00f3. <\/span><\/p>\n<p class=\"s5\"><span class=\"s4\">\u00a0<\/span><\/p>\n<p class=\"s5\"><span class=\"s4\">El titular de la Secretar\u00eda de Desarrollo Social del Municipio de Corregidora, Germ\u00e1n Borja, destac\u00f3 la importancia de esta <\/span><span class=\"s4\">Red Educativa<\/span><span class=\"s4\"> para fomentar la preparaci\u00f3n educativa del sector, adicional a las actividades que se realizan, como las jornadas de vinculaci\u00f3n empresarial, ferias del empleo, voluntariado y diversas actividades formativas, educativas y culturales. <\/span><\/p>\n<p class=\"s5\"><span class=\"s4\">\u00a0<\/span><\/p>\n<p class=\"s5\"><span class=\"s4\">\u201cSabemos que invertir en la juventud es invertir en el futuro del municipio, y por eso, desde esta Administraci\u00f3n estamos avanzando con programas, alianzas y acciones que permitan que cada joven tenga m\u00e1s y mejores herramientas para seguir estudiando, creciendo y construyendo su proyecto de vida&#8221;, destac\u00f3. <\/span><\/p>\n<p class=\"s5\"><span class=\"s4\">Por \u00faltimo, el director del Instituto Municipal de la Juventud de Corregidora, Juan Carlos de Alba, detall\u00f3 que todas las acciones realizadas en beneficio de las y los j\u00f3venes incluyen compromisos de inclusi\u00f3n, equidad y evaluaci\u00f3n continua, y as\u00ed, llegar al mayor n\u00famero de beneficiados. \u00a0<\/span><\/p>\n<p class=\"s5\"><span class=\"s4\">\u00a0<\/span><\/p>\n<p class=\"s5\"><span class=\"s4\">Las instituciones educativas que participan en la Red Educativa por las Juventudes son: New Element University, Universidad UNIPLEA, CBTIS 118, COBAQ 3, Universidad Central de Quer\u00e9taro, UNEA, Universidad Real de Quer\u00e9taro, Universidad TECMILENIO, UNIDEP, UNITEC, Universidad Atenas, CECYTE No. 6, Universidad Tecnol\u00f3gica de Corregidora (UTC), Universidad Marista, Universidad de Londres, UGM Norte, Universidad IDHEIP, Universidad Mondrag\u00f3n, Universidad Aut\u00f3noma de Quer\u00e9taro (UAQ) y UTECA.<\/span><\/p>\n","protected":false},"excerpt":{"rendered":"<p>El presidente municipal de Corregidora, Chepe Guerrero, encabez\u00f3 la Red Educativa por las Juventudes, una firma de convenio con 20 instituciones educativas que reafirma el compromiso por apoyar, en conjunto, el crecimiento personal y profesional de las y los j\u00f3venes de la demarcaci\u00f3n con talleres, capacitaciones, programas de orientaci\u00f3n vocacional, iniciativas de emprendimiento y redes de apoyo para el fortalecimiento<\/p>\n<div class=\"h10\"><\/div>\n<p><a class=\"more-link2 flat\" href=\"https:\/\/elconspirador.com.mx\/?p=75591\">Leer m\u00e1s<\/a><\/p>\n","protected":false},"author":1,"featured_media":75592,"comment_status":"open","ping_status":"open","sticky":false,"template":"","format":"standard","meta":{"om_disable_all_campaigns":false,"_uf_show_specific_survey":0,"_uf_disable_surveys":false},"categories":[1],"tags":[],"aioseo_notices":[],"_links":{"self":[{"href":"https:\/\/elconspirador.com.mx\/index.php?rest_route=\/wp\/v2\/posts\/75591"}],"collection":[{"href":"https:\/\/elconspirador.com.mx\/index.php?rest_route=\/wp\/v2\/posts"}],"about":[{"href":"https:\/\/elconspirador.com.mx\/index.php?rest_route=\/wp\/v2\/types\/post"}],"author":[{"embeddable":true,"href":"https:\/\/elconspirador.com.mx\/index.php?rest_route=\/wp\/v2\/users\/1"}],"replies":[{"embeddable":true,"href":"https:\/\/elconspirador.com.mx\/index.php?rest_route=%2Fwp%2Fv2%2Fcomments&post=75591"}],"version-history":[{"count":1,"href":"https:\/\/elconspirador.com.mx\/index.php?rest_route=\/wp\/v2\/posts\/75591\/revisions"}],"predecessor-version":[{"id":75593,"href":"https:\/\/elconspirador.com.mx\/index.php?rest_route=\/wp\/v2\/posts\/75591\/revisions\/75593"}],"wp:featuredmedia":[{"embeddable":true,"href":"https:\/\/elconspirador.com.mx\/index.php?rest_route=\/wp\/v2\/media\/75592"}],"wp:attachment":[{"href":"https:\/\/elconspirador.com.mx\/index.php?rest_route=%2Fwp%2Fv2%2Fmedia&parent=75591"}],"wp:term":[{"taxonomy":"category","embeddable":true,"href":"https:\/\/elconspirador.com.mx\/index.php?rest_route=%2Fwp%2Fv2%2Fcategories&post=75591"},{"taxonomy":"post_tag","embeddable":true,"href":"https:\/\/elconspirador.com.mx\/index.php?rest_route=%2Fwp%2Fv2%2Ftags&post=75591"}],"curies":[{"name":"wp","href":"https:\/\/api.w.org\/{rel}","templated":true}]}}