{"id":75594,"date":"2026-03-09T21:15:06","date_gmt":"2026-03-10T03:15:06","guid":{"rendered":"https:\/\/elconspirador.com.mx\/?p=75594"},"modified":"2026-03-09T21:15:06","modified_gmt":"2026-03-10T03:15:06","slug":"inicio-el-regreso-de-queretanos-de-medio-oriente","status":"publish","type":"post","link":"https:\/\/elconspirador.com.mx\/?p=75594","title":{"rendered":"INICIO EL REGRESO DE QUERETANOS DE MEDIO ORIENTE"},"content":{"rendered":"<p>El secretario de Gobierno del estado, Eric Gudi\u00f1o Torres, inform\u00f3 que de manera paulatina comenz\u00f3 la salida de queretanos que se encontraban en la zona de conflicto en Medio Oriente, luego de las gestiones realizadas por las autoridades para facilitar su evacuaci\u00f3n.<\/p>\n<p>El funcionario estatal detall\u00f3 que inicialmente se ten\u00eda el registro de 78 queretanos en la regi\u00f3n, aunque 12 de ellos decidieron salir por su cuenta ante la situaci\u00f3n que se vive en la zona.<\/p>\n<p>\u201cEran 78. Comentar que 12 salieron por su cuenta. La verdad es que la problem\u00e1tica y la desesperaci\u00f3n en la zona fueron complicadas y salieron por su cuenta por tierra y fueron a alguna parte del mundo; de hecho, ya est\u00e1n fuera de Dub\u00e1i\u201d.<\/p>\n<p>Actualmente 59 queretanos contin\u00faan en proceso de traslado, de los cuales 22 ya fueron evacuados de Dub\u00e1i y se encuentran en Madrid, mientras que otros nueve viajan con destino a esa ciudad. Adem\u00e1s, 28 personas m\u00e1s saldr\u00e1n el pr\u00f3ximo 10 de marzo de Dub\u00e1i con destino a Espa\u00f1a.<\/p>\n<p>De acuerdo con el secretario de Gobierno, todos ellos volar\u00e1n posteriormente desde Madrid hacia Quer\u00e9taro, en un vuelo programado para el 11 de marzo.<\/p>\n<p>\u201cEstos 59 volar\u00e1n de Madrid a Quer\u00e9taro y estar\u00e1n en el vuelo del 11 de marzo y estar\u00e1n llegando aqu\u00ed a Quer\u00e9taro. La prioridad era salvaguardar la vida de las personas, independientemente de d\u00f3nde est\u00e9n&#8221;.<\/p>\n<p>Asimismo, indic\u00f3 que el gobierno del estado cubrir\u00e1 los gastos de hospedaje de los queretanos durante su estancia en Espa\u00f1a, as\u00ed como los costos necesarios para facilitar su regreso a la entidad.<\/p>\n<p>El funcionario tambi\u00e9n coment\u00f3 que siete personas residentes en Dub\u00e1i inicialmente ten\u00edan intenci\u00f3n de regresar a M\u00e9xico, pero finalmente decidieron permanecer en ese pa\u00eds.<\/p>\n","protected":false},"excerpt":{"rendered":"<p>El secretario de Gobierno del estado, Eric Gudi\u00f1o Torres, inform\u00f3 que de manera paulatina comenz\u00f3 la salida de queretanos que se encontraban en la zona de conflicto en Medio Oriente, luego de las gestiones realizadas por las autoridades para facilitar su evacuaci\u00f3n. El funcionario estatal detall\u00f3 que inicialmente se ten\u00eda el registro de 78 queretanos en la regi\u00f3n, aunque 12<\/p>\n<div class=\"h10\"><\/div>\n<p><a class=\"more-link2 flat\" href=\"https:\/\/elconspirador.com.mx\/?p=75594\">Leer m\u00e1s<\/a><\/p>\n","protected":false},"author":1,"featured_media":75595,"comment_status":"open","ping_status":"open","sticky":false,"template":"","format":"standard","meta":{"om_disable_all_campaigns":false,"_uf_show_specific_survey":0,"_uf_disable_surveys":false},"categories":[1],"tags":[],"aioseo_notices":[],"_links":{"self":[{"href":"https:\/\/elconspirador.com.mx\/index.php?rest_route=\/wp\/v2\/posts\/75594"}],"collection":[{"href":"https:\/\/elconspirador.com.mx\/index.php?rest_route=\/wp\/v2\/posts"}],"about":[{"href":"https:\/\/elconspirador.com.mx\/index.php?rest_route=\/wp\/v2\/types\/post"}],"author":[{"embeddable":true,"href":"https:\/\/elconspirador.com.mx\/index.php?rest_route=\/wp\/v2\/users\/1"}],"replies":[{"embeddable":true,"href":"https:\/\/elconspirador.com.mx\/index.php?rest_route=%2Fwp%2Fv2%2Fcomments&post=75594"}],"version-history":[{"count":1,"href":"https:\/\/elconspirador.com.mx\/index.php?rest_route=\/wp\/v2\/posts\/75594\/revisions"}],"predecessor-version":[{"id":75596,"href":"https:\/\/elconspirador.com.mx\/index.php?rest_route=\/wp\/v2\/posts\/75594\/revisions\/75596"}],"wp:featuredmedia":[{"embeddable":true,"href":"https:\/\/elconspirador.com.mx\/index.php?rest_route=\/wp\/v2\/media\/75595"}],"wp:attachment":[{"href":"https:\/\/elconspirador.com.mx\/index.php?rest_route=%2Fwp%2Fv2%2Fmedia&parent=75594"}],"wp:term":[{"taxonomy":"category","embeddable":true,"href":"https:\/\/elconspirador.com.mx\/index.php?rest_route=%2Fwp%2Fv2%2Fcategories&post=75594"},{"taxonomy":"post_tag","embeddable":true,"href":"https:\/\/elconspirador.com.mx\/index.php?rest_route=%2Fwp%2Fv2%2Ftags&post=75594"}],"curies":[{"name":"wp","href":"https:\/\/api.w.org\/{rel}","templated":true}]}}