{"id":75597,"date":"2026-03-09T16:00:43","date_gmt":"2026-03-09T22:00:43","guid":{"rendered":"https:\/\/elconspirador.com.mx\/?p=75597"},"modified":"2026-03-09T16:00:43","modified_gmt":"2026-03-09T22:00:43","slug":"queretaro-solicito-obras-a-la-federacion-por-3-mil-mdp","status":"publish","type":"post","link":"https:\/\/elconspirador.com.mx\/?p=75597","title":{"rendered":"QUER\u00c9TARO SOLICITO OBRAS A LA FEDERACI\u00d3N POR 3 MIL MDP"},"content":{"rendered":"<p>El gobernador de Quer\u00e9taro, Mauricio Kuri Gonz\u00e1lez, inform\u00f3 que el gobierno estatal solicit\u00f3 a la federaci\u00f3n obras complementarias por m\u00e1s de 3 mil millones de pesos en la zona de El Marqu\u00e9s, derivado del proyecto del tren de pasajeros Tren M\u00e9xico\u2011Quer\u00e9taro.<\/p>\n<p>El mandatario explic\u00f3 que estas obras buscan evitar la saturaci\u00f3n vial en esa zona, especialmente ante la construcci\u00f3n de la estaci\u00f3n principal del tren.<\/p>\n<p>\u201cLas obras, pues yo le llev\u00e9 al se\u00f1or secretario de Hacienda; en monto fue m\u00e1s de 3 mil millones de pesos. La gran mayor\u00eda son obras que est\u00e1n pegadas a El Marqu\u00e9s\u201d.<\/p>\n<p>Kuri Gonz\u00e1lez detall\u00f3 que dentro de las solicitudes se puso especial atenci\u00f3n en las carreteras 200 y 210, vialidades que actualmente presentan una alta carga vehicular y que podr\u00edan enfrentar mayores complicaciones con el desarrollo del proyecto ferroviario.<\/p>\n<p>Asimismo, reconoci\u00f3 que la estaci\u00f3n secundaria proyectada en la capital del estado tambi\u00e9n generar\u00e1 retos en materia de movilidad durante el desarrollo de las obras, aunque reiter\u00f3 que el gobierno estatal respaldar\u00e1 el proyecto federal.<\/p>\n<p>\u201cNosotros siempre nos fuimos porque se hiciera en la zona militar, lo cual no era f\u00e1cil para nosotros como estado, porque ten\u00edamos que buscar unos terrenos en la zona militar\u201d.<\/p>\n<p>Pese a los desaf\u00edos, el gobernador reiter\u00f3 que la administraci\u00f3n estatal mantendr\u00e1 coordinaci\u00f3n con la federaci\u00f3n para impulsar el proyecto y mitigar las afectaciones en la movilidad durante su construcci\u00f3n.<\/p>\n","protected":false},"excerpt":{"rendered":"<p>El gobernador de Quer\u00e9taro, Mauricio Kuri Gonz\u00e1lez, inform\u00f3 que el gobierno estatal solicit\u00f3 a la federaci\u00f3n obras complementarias por m\u00e1s de 3 mil millones de pesos en la zona de El Marqu\u00e9s, derivado del proyecto del tren de pasajeros Tren M\u00e9xico\u2011Quer\u00e9taro. El mandatario explic\u00f3 que estas obras buscan evitar la saturaci\u00f3n vial en esa zona, especialmente ante la construcci\u00f3n de<\/p>\n<div class=\"h10\"><\/div>\n<p><a class=\"more-link2 flat\" href=\"https:\/\/elconspirador.com.mx\/?p=75597\">Leer m\u00e1s<\/a><\/p>\n","protected":false},"author":1,"featured_media":75598,"comment_status":"open","ping_status":"open","sticky":false,"template":"","format":"standard","meta":{"om_disable_all_campaigns":false,"_uf_show_specific_survey":0,"_uf_disable_surveys":false},"categories":[1],"tags":[],"aioseo_notices":[],"_links":{"self":[{"href":"https:\/\/elconspirador.com.mx\/index.php?rest_route=\/wp\/v2\/posts\/75597"}],"collection":[{"href":"https:\/\/elconspirador.com.mx\/index.php?rest_route=\/wp\/v2\/posts"}],"about":[{"href":"https:\/\/elconspirador.com.mx\/index.php?rest_route=\/wp\/v2\/types\/post"}],"author":[{"embeddable":true,"href":"https:\/\/elconspirador.com.mx\/index.php?rest_route=\/wp\/v2\/users\/1"}],"replies":[{"embeddable":true,"href":"https:\/\/elconspirador.com.mx\/index.php?rest_route=%2Fwp%2Fv2%2Fcomments&post=75597"}],"version-history":[{"count":1,"href":"https:\/\/elconspirador.com.mx\/index.php?rest_route=\/wp\/v2\/posts\/75597\/revisions"}],"predecessor-version":[{"id":75599,"href":"https:\/\/elconspirador.com.mx\/index.php?rest_route=\/wp\/v2\/posts\/75597\/revisions\/75599"}],"wp:featuredmedia":[{"embeddable":true,"href":"https:\/\/elconspirador.com.mx\/index.php?rest_route=\/wp\/v2\/media\/75598"}],"wp:attachment":[{"href":"https:\/\/elconspirador.com.mx\/index.php?rest_route=%2Fwp%2Fv2%2Fmedia&parent=75597"}],"wp:term":[{"taxonomy":"category","embeddable":true,"href":"https:\/\/elconspirador.com.mx\/index.php?rest_route=%2Fwp%2Fv2%2Fcategories&post=75597"},{"taxonomy":"post_tag","embeddable":true,"href":"https:\/\/elconspirador.com.mx\/index.php?rest_route=%2Fwp%2Fv2%2Ftags&post=75597"}],"curies":[{"name":"wp","href":"https:\/\/api.w.org\/{rel}","templated":true}]}}