{"id":75600,"date":"2026-03-09T13:25:19","date_gmt":"2026-03-09T19:25:19","guid":{"rendered":"https:\/\/elconspirador.com.mx\/?p=75600"},"modified":"2026-03-09T13:25:19","modified_gmt":"2026-03-09T19:25:19","slug":"sindica-capitalina-pide-respeto-para-todas-las-personas","status":"publish","type":"post","link":"https:\/\/elconspirador.com.mx\/?p=75600","title":{"rendered":"SINDICA CAPITALINA PIDE RESPETO PARA TODAS LAS PERSONAS"},"content":{"rendered":"<p>La s\u00edndico del municipio de Quer\u00e9taro, Mari Carmen Presa, consider\u00f3 que el hombre involucrado en un altercado durante la marcha del 8 de marzo en la capital queretana no estaba agrediendo a las participantes cuando fue confrontado por lo que llam\u00f3 a mantener el respeto entre todas las personas que asisten a este tipo de movilizaciones.<\/p>\n<p>A pesar de que algunos testimonios, habr\u00edan se\u00f1alado que el sujeto hizo caso omiso cuando se le pidi\u00f3 dejar de tomar fotos al contingente negro, la funcionaria municipal habl\u00f3 a t\u00edtulo personal sobre el video que circul\u00f3 en redes sociales, donde se observa el momento en que un hombre patea a una mujer durante la manifestaci\u00f3n por el D\u00eda Internacional de la Mujer.<\/p>\n<p>Explic\u00f3 que, con base en lo que se aprecia en las im\u00e1genes, el hombre aparentemente no estaba interfiriendo con la marcha ni provocando a las participantes.<\/p>\n<p>\u201cEn este caso entiendo que era un periodista o alguien que tra\u00eda una c\u00e1mara. Estaba arriba del tanque. La realidad es que lo que se alcanza a ver en el video es que \u00e9l no se estaba como tal metiendo a la marcha ni pretendiendo ofender a las mujeres que estaban ah\u00ed abajo\u201d, se\u00f1al\u00f3.<\/p>\n<p>Presa a\u00f1adi\u00f3 que en este tipo de movilizaciones tambi\u00e9n hay hombres que asisten de manera distante, ya sea acompa\u00f1ando a familiares o esperando a quienes participan en la marcha.<\/p>\n<p>No obstante, reconoci\u00f3 que las marchas del 8M son espacios en los que muchas mujeres expresan el enojo y dolor derivados de experiencias de violencia, por lo que consider\u00f3 importante comprender el contexto en el que se desarrollan estas manifestaciones.<\/p>\n<p>\u201cYo creo que una mujer que alguna vez ha vivido alg\u00fan tipo de violencia tiene much\u00edsimo que sacar, y esas marchas son para sacar todo el coraje que a veces podemos tener las mujeres dentro de nosotros\u201d, expres\u00f3.<\/p>\n<p>En este tenor, sostuvo que cuando una persona no est\u00e1 provocando ni interfiriendo con la movilizaci\u00f3n, no deber\u00eda ser agredida, por lo que llam\u00f3 a privilegiar el respeto entre quienes participan o se encuentran en el lugar.<\/p>\n<p>\u201cSi el hombre no se estaba metiendo con ninguna de ellas, no era necesario provocar ni ir a agredir. Yo creo que respetarnos entre todas y todos siempre tiene que ser el principal valor que est\u00e9 en esas marchas\u201d, dijo.<br \/>\nFinalmente, la s\u00edndico consider\u00f3 que este tipo de incidentes puede desviar la atenci\u00f3n del objetivo principal de la movilizaci\u00f3n, que es visibilizar la lucha de las mujeres por sus derechos y contra la violencia de g\u00e9nero.<\/p>\n<p>\u201cCreo que cuando se pasan esos l\u00edmites es cuando aparecen estos altercados que a veces desv\u00edan la atenci\u00f3n de lo verdaderamente importante: que salieron miles de mujeres en Quer\u00e9taro a defender y a gritar por sus derechos\u201d, concluy\u00f3.<\/p>\n<p>Mientras tanto, a trav\u00e9s de sus redes sociales la organizaci\u00f3n Feminismo Para Todas ha solicitado el apoyo de la comunidad para identificar al sujeto, pues hasta el momento, no se ha acreditado como parte de alg\u00fan medio de comunicaci\u00f3n conocido o como periodista independiente.<\/p>\n","protected":false},"excerpt":{"rendered":"<p>La s\u00edndico del municipio de Quer\u00e9taro, Mari Carmen Presa, consider\u00f3 que el hombre involucrado en un altercado durante la marcha del 8 de marzo en la capital queretana no estaba agrediendo a las participantes cuando fue confrontado por lo que llam\u00f3 a mantener el respeto entre todas las personas que asisten a este tipo de movilizaciones. A pesar de que<\/p>\n<div class=\"h10\"><\/div>\n<p><a class=\"more-link2 flat\" href=\"https:\/\/elconspirador.com.mx\/?p=75600\">Leer m\u00e1s<\/a><\/p>\n","protected":false},"author":1,"featured_media":75601,"comment_status":"open","ping_status":"open","sticky":false,"template":"","format":"standard","meta":{"om_disable_all_campaigns":false,"_uf_show_specific_survey":0,"_uf_disable_surveys":false},"categories":[1],"tags":[],"aioseo_notices":[],"_links":{"self":[{"href":"https:\/\/elconspirador.com.mx\/index.php?rest_route=\/wp\/v2\/posts\/75600"}],"collection":[{"href":"https:\/\/elconspirador.com.mx\/index.php?rest_route=\/wp\/v2\/posts"}],"about":[{"href":"https:\/\/elconspirador.com.mx\/index.php?rest_route=\/wp\/v2\/types\/post"}],"author":[{"embeddable":true,"href":"https:\/\/elconspirador.com.mx\/index.php?rest_route=\/wp\/v2\/users\/1"}],"replies":[{"embeddable":true,"href":"https:\/\/elconspirador.com.mx\/index.php?rest_route=%2Fwp%2Fv2%2Fcomments&post=75600"}],"version-history":[{"count":1,"href":"https:\/\/elconspirador.com.mx\/index.php?rest_route=\/wp\/v2\/posts\/75600\/revisions"}],"predecessor-version":[{"id":75602,"href":"https:\/\/elconspirador.com.mx\/index.php?rest_route=\/wp\/v2\/posts\/75600\/revisions\/75602"}],"wp:featuredmedia":[{"embeddable":true,"href":"https:\/\/elconspirador.com.mx\/index.php?rest_route=\/wp\/v2\/media\/75601"}],"wp:attachment":[{"href":"https:\/\/elconspirador.com.mx\/index.php?rest_route=%2Fwp%2Fv2%2Fmedia&parent=75600"}],"wp:term":[{"taxonomy":"category","embeddable":true,"href":"https:\/\/elconspirador.com.mx\/index.php?rest_route=%2Fwp%2Fv2%2Fcategories&post=75600"},{"taxonomy":"post_tag","embeddable":true,"href":"https:\/\/elconspirador.com.mx\/index.php?rest_route=%2Fwp%2Fv2%2Ftags&post=75600"}],"curies":[{"name":"wp","href":"https:\/\/api.w.org\/{rel}","templated":true}]}}