{"id":75610,"date":"2026-03-10T06:51:55","date_gmt":"2026-03-10T12:51:55","guid":{"rendered":"https:\/\/elconspirador.com.mx\/?p=75610"},"modified":"2026-03-10T06:51:55","modified_gmt":"2026-03-10T12:51:55","slug":"a-prision-por-vender-auto-robado","status":"publish","type":"post","link":"https:\/\/elconspirador.com.mx\/?p=75610","title":{"rendered":"A PRISI\u00d3N POR VENDER AUTO ROBADO"},"content":{"rendered":"<p>La Fiscal\u00eda General del Estado de Quer\u00e9taro informa que obtuvo la vinculaci\u00f3n a proceso de un hombre por su probable autor\u00eda en el delito de fraude espec\u00edfico agravado, derivado de hechos ocurridos en el municipio de Quer\u00e9taro.<\/p>\n<p>De acuerdo con la investigaci\u00f3n, el ofendido visualiz\u00f3 un anuncio en la red social Facebook relacionado con la venta de un veh\u00edculo, por lo que decidi\u00f3 contactar al presunto vendedor. En fecha 27 de diciembre de 2025, ambas partes se reunieron en una Plaza Comercial ubicada en la Avenida Constituyentes, donde el imputado se identific\u00f3 con un nombre falso y acord\u00f3 la venta del veh\u00edculo por la cantidad de $176,500 pesos, mismos que fueron entregados en su totalidad en efectivo.<\/p>\n<p>Asimismo, el imputado proporcion\u00f3 al ofendido documentaci\u00f3n ap\u00f3crifa del veh\u00edculo, con la que posteriormente se estableci\u00f3 que la unidad contaba con un reporte de robo vigente, adem\u00e1s de presentar alteraciones en sus datos alfanum\u00e9ricos, incluyendo un n\u00famero de serie falso.<\/p>\n<p>El fiscal de investigaci\u00f3n recab\u00f3 diversas entrevistas. Adem\u00e1s,personal de la Direcci\u00f3n de Polic\u00eda de Investigaci\u00f3n del Delito realiz\u00f3 las diligencias correspondientes, logrando la identificaci\u00f3n del imputado como la persona que, mediante el uso de una identidad falsa, concret\u00f3 la venta del veh\u00edculo con documentaci\u00f3n irregular.<\/p>\n<p>En audiencia inicial, por cumplimiento de orden de aprehensi\u00f3n, la autoridad judicial resolvi\u00f3 vincular a proceso al imputado por el delito de fraude espec\u00edfico agravado, imponiendo como medida cautelar la prisi\u00f3n preventiva justificada, as\u00ed como un plazo de un mes para la investigaci\u00f3n complementaria.<\/p>\n","protected":false},"excerpt":{"rendered":"<p>La Fiscal\u00eda General del Estado de Quer\u00e9taro informa que obtuvo la vinculaci\u00f3n a proceso de un hombre por su probable autor\u00eda en el delito de fraude espec\u00edfico agravado, derivado de hechos ocurridos en el municipio de Quer\u00e9taro. De acuerdo con la investigaci\u00f3n, el ofendido visualiz\u00f3 un anuncio en la red social Facebook relacionado con la venta de un veh\u00edculo, por<\/p>\n<div class=\"h10\"><\/div>\n<p><a class=\"more-link2 flat\" href=\"https:\/\/elconspirador.com.mx\/?p=75610\">Leer m\u00e1s<\/a><\/p>\n","protected":false},"author":1,"featured_media":75611,"comment_status":"open","ping_status":"open","sticky":false,"template":"","format":"standard","meta":{"om_disable_all_campaigns":false,"_uf_show_specific_survey":0,"_uf_disable_surveys":false},"categories":[1],"tags":[],"aioseo_notices":[],"_links":{"self":[{"href":"https:\/\/elconspirador.com.mx\/index.php?rest_route=\/wp\/v2\/posts\/75610"}],"collection":[{"href":"https:\/\/elconspirador.com.mx\/index.php?rest_route=\/wp\/v2\/posts"}],"about":[{"href":"https:\/\/elconspirador.com.mx\/index.php?rest_route=\/wp\/v2\/types\/post"}],"author":[{"embeddable":true,"href":"https:\/\/elconspirador.com.mx\/index.php?rest_route=\/wp\/v2\/users\/1"}],"replies":[{"embeddable":true,"href":"https:\/\/elconspirador.com.mx\/index.php?rest_route=%2Fwp%2Fv2%2Fcomments&post=75610"}],"version-history":[{"count":1,"href":"https:\/\/elconspirador.com.mx\/index.php?rest_route=\/wp\/v2\/posts\/75610\/revisions"}],"predecessor-version":[{"id":75612,"href":"https:\/\/elconspirador.com.mx\/index.php?rest_route=\/wp\/v2\/posts\/75610\/revisions\/75612"}],"wp:featuredmedia":[{"embeddable":true,"href":"https:\/\/elconspirador.com.mx\/index.php?rest_route=\/wp\/v2\/media\/75611"}],"wp:attachment":[{"href":"https:\/\/elconspirador.com.mx\/index.php?rest_route=%2Fwp%2Fv2%2Fmedia&parent=75610"}],"wp:term":[{"taxonomy":"category","embeddable":true,"href":"https:\/\/elconspirador.com.mx\/index.php?rest_route=%2Fwp%2Fv2%2Fcategories&post=75610"},{"taxonomy":"post_tag","embeddable":true,"href":"https:\/\/elconspirador.com.mx\/index.php?rest_route=%2Fwp%2Fv2%2Ftags&post=75610"}],"curies":[{"name":"wp","href":"https:\/\/api.w.org\/{rel}","templated":true}]}}