{"id":75620,"date":"2026-03-09T17:08:33","date_gmt":"2026-03-09T23:08:33","guid":{"rendered":"https:\/\/elconspirador.com.mx\/?p=75620"},"modified":"2026-03-09T17:08:33","modified_gmt":"2026-03-09T23:08:33","slug":"llega-a-sjr-al-segundo-festival-a-volar-papalote","status":"publish","type":"post","link":"https:\/\/elconspirador.com.mx\/?p=75620","title":{"rendered":"LLEGA A SJR AL SEGUNDO FESTIVAL A VOLAR PAPALOTE"},"content":{"rendered":"<p>Con la finalidad de consolidar a la comunidad de Santa Luc\u00eda, y a las localidades aleda\u00f1as, como un referente regional en actividades recreativas y culturales, adem\u00e1s de promover la inclusi\u00f3n, el turismo comunitario y la generaci\u00f3n de oportunidades para las comunidades, el pr\u00f3ximo domingo 15 de marzo, a partir de las 9 horas, se llevar\u00e1 a cabo el Segundo Festival \u201cA Volar Papalote\u201d, en Santa Luc\u00eda.<\/p>\n<p>En rueda de prensa, el s\u00edndico del Ayuntamiento de San Juan del R\u00edo, Jos\u00e9 Francisco Landeras Layseca, destac\u00f3 que este evento, que es gratuito y forma parte del Programa \u201cFestivaleando\u201d, representa un espacio de uni\u00f3n, esperanza y desarrollo, donde el vuelo de cada papalote, dijo, significa el compromiso de trabajar juntos por una comunidad m\u00e1s fuerte, participativa y con visi\u00f3n de futuro.<\/p>\n<p>\u201cEste es un programa que ya tuvo \u00e9xito, el programa festivaleando es un programa muy cercano a la gente, es un programa que mueve la econom\u00eda en las zonas donde se establece el mismo. Festivaleando ya est\u00e1 m\u00e1s s\u00f3lido\u201d, mencion\u00f3 Jos\u00e9 Francisco Landeras, quien asisti\u00f3 en representaci\u00f3n del presidente municipal de San Juan del R\u00edo, Roberto Cabrera Valencia.<\/p>\n<p>El coordinador del Programa Festivaleando, Paulino Moreno Paz, expuso que, para el Segundo Festival \u201cA Volar Papalote\u201d, se prev\u00e9 una derrama econ\u00f3mica de m\u00e1s de medio mill\u00f3n de pesos, as\u00ed como la asistencia de cerca de 5 mil personas. En esta edici\u00f3n, refiri\u00f3, participar\u00e1n ocho comunidades, entre ellas Santa Luc\u00eda, Estancia de Bordos, Cuadrilla de En medio, Perales, San Pedro Potrerillos, San Antonio Zatlahuco, El Chaparro y San Pablo Potrerillos.<\/p>\n<p>A\u00f1adi\u00f3 que en el festival tambi\u00e9n estar\u00e1n presentes 60 personas que realizar\u00e1n labores de limpieza y acondicionamiento del espacio. La jornada, inform\u00f3, incluir\u00e1 actividades culturales y recreativas, talleres de papalotes con estudiantes del CONALEP, zona infantil, exhibici\u00f3n de papalotes gigantes, presentaciones de artistas y grupos como el de adultos mayores Rayito de Luz, Peque\u00f1os Diablillos de Puebla, Lechita con Chocolate de la capital queretana, activaciones de zumba y colectivos de rap.<\/p>\n<p>El delegado de Santa Luc\u00eda, Juan Diego Olvera Nieto, agradeci\u00f3 a las autoridades municipales por la realizaci\u00f3n del Segundo Festival \u201cA Volar Papalote\u201d en la comunidad, ya que, se\u00f1al\u00f3, se trata de una actividad que impulsa el desarrollo econ\u00f3mico y tur\u00edstico de la regi\u00f3n, fortalece el tejido social y fomenta el trabajo colaborativo entre las y los ciudadanos.<\/p>\n","protected":false},"excerpt":{"rendered":"<p>Con la finalidad de consolidar a la comunidad de Santa Luc\u00eda, y a las localidades aleda\u00f1as, como un referente regional en actividades recreativas y culturales, adem\u00e1s de promover la inclusi\u00f3n, el turismo comunitario y la generaci\u00f3n de oportunidades para las comunidades, el pr\u00f3ximo domingo 15 de marzo, a partir de las 9 horas, se llevar\u00e1 a cabo el Segundo Festival<\/p>\n<div class=\"h10\"><\/div>\n<p><a class=\"more-link2 flat\" href=\"https:\/\/elconspirador.com.mx\/?p=75620\">Leer m\u00e1s<\/a><\/p>\n","protected":false},"author":1,"featured_media":75621,"comment_status":"open","ping_status":"open","sticky":false,"template":"","format":"standard","meta":{"om_disable_all_campaigns":false,"_uf_show_specific_survey":0,"_uf_disable_surveys":false},"categories":[1],"tags":[],"aioseo_notices":[],"_links":{"self":[{"href":"https:\/\/elconspirador.com.mx\/index.php?rest_route=\/wp\/v2\/posts\/75620"}],"collection":[{"href":"https:\/\/elconspirador.com.mx\/index.php?rest_route=\/wp\/v2\/posts"}],"about":[{"href":"https:\/\/elconspirador.com.mx\/index.php?rest_route=\/wp\/v2\/types\/post"}],"author":[{"embeddable":true,"href":"https:\/\/elconspirador.com.mx\/index.php?rest_route=\/wp\/v2\/users\/1"}],"replies":[{"embeddable":true,"href":"https:\/\/elconspirador.com.mx\/index.php?rest_route=%2Fwp%2Fv2%2Fcomments&post=75620"}],"version-history":[{"count":1,"href":"https:\/\/elconspirador.com.mx\/index.php?rest_route=\/wp\/v2\/posts\/75620\/revisions"}],"predecessor-version":[{"id":75622,"href":"https:\/\/elconspirador.com.mx\/index.php?rest_route=\/wp\/v2\/posts\/75620\/revisions\/75622"}],"wp:featuredmedia":[{"embeddable":true,"href":"https:\/\/elconspirador.com.mx\/index.php?rest_route=\/wp\/v2\/media\/75621"}],"wp:attachment":[{"href":"https:\/\/elconspirador.com.mx\/index.php?rest_route=%2Fwp%2Fv2%2Fmedia&parent=75620"}],"wp:term":[{"taxonomy":"category","embeddable":true,"href":"https:\/\/elconspirador.com.mx\/index.php?rest_route=%2Fwp%2Fv2%2Fcategories&post=75620"},{"taxonomy":"post_tag","embeddable":true,"href":"https:\/\/elconspirador.com.mx\/index.php?rest_route=%2Fwp%2Fv2%2Ftags&post=75620"}],"curies":[{"name":"wp","href":"https:\/\/api.w.org\/{rel}","templated":true}]}}