{"id":75627,"date":"2026-03-09T21:12:59","date_gmt":"2026-03-10T03:12:59","guid":{"rendered":"https:\/\/elconspirador.com.mx\/?p=75627"},"modified":"2026-03-09T21:12:59","modified_gmt":"2026-03-10T03:12:59","slug":"entregan-nuevo-equipo-a-pc-de-el-marques","status":"publish","type":"post","link":"https:\/\/elconspirador.com.mx\/?p=75627","title":{"rendered":"ENTREGAN NUEVO EQUIPO A PC DE EL MARQU\u00c9S"},"content":{"rendered":"<p>El presidente municipal de El Marqu\u00e9s, Rodrigo Monsalvo Castel\u00e1n, encabez\u00f3 la entrega de nuevas unidades y equipamiento a Protecci\u00f3n Civil, as\u00ed como la Primera Sesi\u00f3n Ordinaria del Consejo Municipal de Protecci\u00f3n Civil de El Marqu\u00e9s, con el objetivo de mejorar la atenci\u00f3n oportuna y eficaz ante emergencias, reforzando la seguridad del personal y la protecci\u00f3n de la ciudadan\u00eda.<\/p>\n<p>Con esta adquisici\u00f3n, el municipio increment\u00f3 en un 600 por ciento las herramientas y el equipamiento disponibles para el combate de incendios, dentro de las que destaca la entrega de tres veh\u00edculos tipo Jeep dise\u00f1ados para operar en terrenos complejos, lo que permitir\u00e1 a los equipos de la Coordinaci\u00f3n Municipal de Protecci\u00f3n Civil (CMPC) acceder a \u00e1reas remotas o afectadas por contingencias.<\/p>\n<p>Dichas unidades est\u00e1n equipadas con tumbaburros y winch con capacidad de arrastre de 9 mil libras, adem\u00e1s de una barra de luces con m\u00f3dulos multicolor de tecnolog\u00eda LED de \u00faltima generaci\u00f3n. Tambi\u00e9n cuentan con sistema de sirena con tablero de control tipo \u201cunimando\u201d, operable con una sola mano, altavoz, bocina de 100 watts de potencia y sistema de luces de alertamiento frontal.<\/p>\n<p>Adicionalmente, para garantizar la seguridad de los elementos de la CMPC, se adquiri\u00f3 equipamiento completamente nuevo de alta especialidad para las \u00e1reas de incendios estructurales, forestales, rescate urbano y operaciones de buceo, mismo que consta de cilindros de aire aut\u00f3nomo, escaleras especializadas, cortadoras con bater\u00edas y cargadores para corte vehicular, separador hidr\u00e1ulico, reguladores, equipo de protecci\u00f3n personal, entre otros.<\/p>\n<p>Es importante puntualizar que, en lo que va de la presente temporada de incendios y estiaje, Protecci\u00f3n Civil de El Marqu\u00e9s ha atendido 725 incendios en lotes bald\u00edos o pastizales. Ante la alta incidencia de estos siniestros y por indicaci\u00f3n del presidente municipal, Rodrigo Monsalvo Castel\u00e1n, por primera vez el municipio de El Marqu\u00e9s est\u00e1 implementando un Programa Estrat\u00e9gico para hacer frente a este tipo de contingencias.<\/p>\n<p>En este sentido, Rodrigo Monsalvo Castel\u00e1n subray\u00f3 la importancia de fortalecer la capacidad operativa de Protecci\u00f3n Civil y de impulsar estrategias preventivas que permitan responder de manera oportuna ante cualquier contingencia.<\/p>\n<p>\u201cNuestra primera responsabilidad como gobierno es proteger la vida y el patrimonio de todas las familias marquesinas. Al poner en marcha un programa sin precedente en el municipio, como lo es el Programa Estrat\u00e9gico de la Temporada de Incendios y Estiaje 2025-2026, cuya visi\u00f3n preventiva integrar\u00e1 el trabajo coordinado entre dependencias, cuerpos de emergencia y ciudadan\u00eda. Hoy les estamos entregando unidades de respuesta r\u00e1pida todoterreno, as\u00ed como equipamiento especializado para distintas \u00e1reas de atenci\u00f3n, como incendios forestales, incendios estructurales, rescate urbano y operaciones de buceo. Reitero nuestro compromiso de mantener a El Marqu\u00e9s como un municipio fuerte y preparado ante cualquier contingencia\u201d.<\/p>\n<p>Actualmente, la Coordinaci\u00f3n Municipal de Protecci\u00f3n Civil cuenta con 25 elementos especializados, un cami\u00f3n de ataque r\u00e1pido, 10 camionetas de primera respuesta, una pipa de abastecimiento de 10 mil litros, una pipa de abastecimiento de 3 mil litros, una motobomba, una motobomba dual forestal, dos veh\u00edculos tipo RZR, tres drones de monitoreo, mochilas forestales, cuatro antorchas y herramienta manual para combatir incendios.<\/p>\n<p>A la Primera Sesi\u00f3n Ordinaria del Consejo Municipal de Protecci\u00f3n Civil de El Marqu\u00e9s acudi\u00f3 el director de la Coordinaci\u00f3n Estatal de Protecci\u00f3n Civil, Javier Amaya Torres; el secretario de Gobierno del estado de Quer\u00e9taro, Eric Gudi\u00f1o Torres; el secretario de Seguridad Ciudadana del estado de Quer\u00e9taro, Iov\u00e1n El\u00edas P\u00e9rez Hern\u00e1ndez; el director de la CMPC El Marqu\u00e9s, Alejandro V\u00e1zquez Mellado; el secretario de Gobierno de El Marqu\u00e9s, Alejandro Mer\u00e9 Montes, entre otras autoridades.<\/p>\n","protected":false},"excerpt":{"rendered":"<p>El presidente municipal de El Marqu\u00e9s, Rodrigo Monsalvo Castel\u00e1n, encabez\u00f3 la entrega de nuevas unidades y equipamiento a Protecci\u00f3n Civil, as\u00ed como la Primera Sesi\u00f3n Ordinaria del Consejo Municipal de Protecci\u00f3n Civil de El Marqu\u00e9s, con el objetivo de mejorar la atenci\u00f3n oportuna y eficaz ante emergencias, reforzando la seguridad del personal y la protecci\u00f3n de la ciudadan\u00eda. Con esta<\/p>\n<div class=\"h10\"><\/div>\n<p><a class=\"more-link2 flat\" href=\"https:\/\/elconspirador.com.mx\/?p=75627\">Leer m\u00e1s<\/a><\/p>\n","protected":false},"author":1,"featured_media":75628,"comment_status":"open","ping_status":"open","sticky":false,"template":"","format":"standard","meta":{"om_disable_all_campaigns":false,"_uf_show_specific_survey":0,"_uf_disable_surveys":false},"categories":[1],"tags":[],"aioseo_notices":[],"_links":{"self":[{"href":"https:\/\/elconspirador.com.mx\/index.php?rest_route=\/wp\/v2\/posts\/75627"}],"collection":[{"href":"https:\/\/elconspirador.com.mx\/index.php?rest_route=\/wp\/v2\/posts"}],"about":[{"href":"https:\/\/elconspirador.com.mx\/index.php?rest_route=\/wp\/v2\/types\/post"}],"author":[{"embeddable":true,"href":"https:\/\/elconspirador.com.mx\/index.php?rest_route=\/wp\/v2\/users\/1"}],"replies":[{"embeddable":true,"href":"https:\/\/elconspirador.com.mx\/index.php?rest_route=%2Fwp%2Fv2%2Fcomments&post=75627"}],"version-history":[{"count":1,"href":"https:\/\/elconspirador.com.mx\/index.php?rest_route=\/wp\/v2\/posts\/75627\/revisions"}],"predecessor-version":[{"id":75629,"href":"https:\/\/elconspirador.com.mx\/index.php?rest_route=\/wp\/v2\/posts\/75627\/revisions\/75629"}],"wp:featuredmedia":[{"embeddable":true,"href":"https:\/\/elconspirador.com.mx\/index.php?rest_route=\/wp\/v2\/media\/75628"}],"wp:attachment":[{"href":"https:\/\/elconspirador.com.mx\/index.php?rest_route=%2Fwp%2Fv2%2Fmedia&parent=75627"}],"wp:term":[{"taxonomy":"category","embeddable":true,"href":"https:\/\/elconspirador.com.mx\/index.php?rest_route=%2Fwp%2Fv2%2Fcategories&post=75627"},{"taxonomy":"post_tag","embeddable":true,"href":"https:\/\/elconspirador.com.mx\/index.php?rest_route=%2Fwp%2Fv2%2Ftags&post=75627"}],"curies":[{"name":"wp","href":"https:\/\/api.w.org\/{rel}","templated":true}]}}