{"id":75639,"date":"2026-03-10T16:45:14","date_gmt":"2026-03-10T22:45:14","guid":{"rendered":"https:\/\/elconspirador.com.mx\/?p=75639"},"modified":"2026-03-10T16:45:40","modified_gmt":"2026-03-10T22:45:40","slug":"seseq-revisara-la-sierra-queretana-por-gusano-barrenador","status":"publish","type":"post","link":"https:\/\/elconspirador.com.mx\/?p=75639","title":{"rendered":"ALERTA SANITARIA EN LA SIERRA QUERETANA POR GUSANO BARRENADOR"},"content":{"rendered":"<p>La secretaria de Salud del estado, Martina P\u00e9rez Rend\u00f3n, inform\u00f3 que se reforzar\u00e1 la vigilancia en las unidades m\u00e9dicas de la zona serrana para detectar de manera oportuna posibles casos de gusano barrenador en humanos.<\/p>\n<p>Esto luego de que la semana pasada se confirm\u00f3 el primer caso de esta plaga en un ejemplar de ganado en el municipio de Landa de Matamoros.<\/p>\n<p>Ante este escenario, la funcionaria estatal explic\u00f3 que se pondr\u00e1 especial atenci\u00f3n en las unidades de salud de esa regi\u00f3n para que el personal m\u00e9dico pueda identificar de manera temprana cualquier posible afectaci\u00f3n en personas.<\/p>\n<p>\u201cAhora, con la presencia de este caso, haremos \u00e9nfasis en esa zona para reforzar que nuestras unidades m\u00e9dicas est\u00e9n atentas y puedan identificar de forma oportuna la presencia de casos\u201d.<\/p>\n<p>P\u00e9rez Rend\u00f3n record\u00f3 que, desde la detecci\u00f3n de esta plaga en el sur del pa\u00eds, las autoridades federales solicitaron a los estados mantener una vigilancia sanitaria para detectar posibles contagios en humanos.<\/p>\n<p>En ese sentido, indic\u00f3 que tambi\u00e9n se reforzar\u00e1n las acciones de promoci\u00f3n de la salud entre la poblaci\u00f3n que acude a las unidades m\u00e9dicas.<\/p>\n<p>\u201cNosotros tambi\u00e9n haremos fomento a trav\u00e9s de la gente que acude a nuestras unidades, pero el principal objetivo es poder identificar si hay afectaci\u00f3n en humanos; hasta el momento no tenemos casos\u201d.<\/p>\n","protected":false},"excerpt":{"rendered":"<p>La secretaria de Salud del estado, Martina P\u00e9rez Rend\u00f3n, inform\u00f3 que se reforzar\u00e1 la vigilancia en las unidades m\u00e9dicas de la zona serrana para detectar de manera oportuna posibles casos de gusano barrenador en humanos. Esto luego de que la semana pasada se confirm\u00f3 el primer caso de esta plaga en un ejemplar de ganado en el municipio de Landa<\/p>\n<div class=\"h10\"><\/div>\n<p><a class=\"more-link2 flat\" href=\"https:\/\/elconspirador.com.mx\/?p=75639\">Leer m\u00e1s<\/a><\/p>\n","protected":false},"author":1,"featured_media":75640,"comment_status":"open","ping_status":"open","sticky":false,"template":"","format":"standard","meta":{"om_disable_all_campaigns":false,"_uf_show_specific_survey":0,"_uf_disable_surveys":false},"categories":[1],"tags":[],"aioseo_notices":[],"_links":{"self":[{"href":"https:\/\/elconspirador.com.mx\/index.php?rest_route=\/wp\/v2\/posts\/75639"}],"collection":[{"href":"https:\/\/elconspirador.com.mx\/index.php?rest_route=\/wp\/v2\/posts"}],"about":[{"href":"https:\/\/elconspirador.com.mx\/index.php?rest_route=\/wp\/v2\/types\/post"}],"author":[{"embeddable":true,"href":"https:\/\/elconspirador.com.mx\/index.php?rest_route=\/wp\/v2\/users\/1"}],"replies":[{"embeddable":true,"href":"https:\/\/elconspirador.com.mx\/index.php?rest_route=%2Fwp%2Fv2%2Fcomments&post=75639"}],"version-history":[{"count":2,"href":"https:\/\/elconspirador.com.mx\/index.php?rest_route=\/wp\/v2\/posts\/75639\/revisions"}],"predecessor-version":[{"id":75669,"href":"https:\/\/elconspirador.com.mx\/index.php?rest_route=\/wp\/v2\/posts\/75639\/revisions\/75669"}],"wp:featuredmedia":[{"embeddable":true,"href":"https:\/\/elconspirador.com.mx\/index.php?rest_route=\/wp\/v2\/media\/75640"}],"wp:attachment":[{"href":"https:\/\/elconspirador.com.mx\/index.php?rest_route=%2Fwp%2Fv2%2Fmedia&parent=75639"}],"wp:term":[{"taxonomy":"category","embeddable":true,"href":"https:\/\/elconspirador.com.mx\/index.php?rest_route=%2Fwp%2Fv2%2Fcategories&post=75639"},{"taxonomy":"post_tag","embeddable":true,"href":"https:\/\/elconspirador.com.mx\/index.php?rest_route=%2Fwp%2Fv2%2Ftags&post=75639"}],"curies":[{"name":"wp","href":"https:\/\/api.w.org\/{rel}","templated":true}]}}