{"id":75649,"date":"2026-03-10T12:23:47","date_gmt":"2026-03-10T18:23:47","guid":{"rendered":"https:\/\/elconspirador.com.mx\/?p=75649"},"modified":"2026-03-10T12:23:47","modified_gmt":"2026-03-10T18:23:47","slug":"se-reune-felifer-con-estudiantes-capitalinos","status":"publish","type":"post","link":"https:\/\/elconspirador.com.mx\/?p=75649","title":{"rendered":"SE REUNE FELIFER CON ESTUDIANTES CAPITALINOS"},"content":{"rendered":"<p>El presidente municipal de Quer\u00e9taro, Felifer Mac\u00edas, se reuni\u00f3 con estudiantes del Instituto Thomas Jefferson, donde imparti\u00f3 la ponencia \u201cDemocracia Activa: El Poder de tu Voz en los Procesos Electorales\u201d, espacio en el que invit\u00f3 a las y los j\u00f3venes a involucrarse en la vida pol\u00edtica de Quer\u00e9taro y de M\u00e9xico, para que sean art\u00edfices de sus propias decisiones y contribuyan a orientar las pol\u00edticas p\u00fablicas hacia las verdaderas necesidades de la juventud.<\/p>\n<p>\u201cYo de lo que estoy convencido m\u00e1s bien es que la pol\u00edtica por muchos a\u00f1os ha sido de flojera y no le dan a los j\u00f3venes, los insumos para involucrarse en ella. O m\u00e1s bien la pol\u00edtica o el poder p\u00fablico est\u00e1 muy alejado de las causas de los j\u00f3venes. Y son ustedes los que vienen empujando los nuevos temas vigentes de vanguardia y que nos dictan el rumbo de hacia d\u00f3nde va la ciudad, hacia d\u00f3nde va el estado y hacia d\u00f3nde va el mundo\u201d, coment\u00f3.<\/p>\n<p>Felifer Mac\u00edas destac\u00f3 que, dentro de su administraci\u00f3n, se ha trabajado en la creaci\u00f3n de pol\u00edticas p\u00fablicas enfocadas en atender las necesidades e inquietudes de la juventud, como es el caso de la Secretar\u00eda de Bienestar Animal, enfocada en la protecci\u00f3n de los animales sintientes, as\u00ed como la Secretar\u00eda del Medio Ambiente, para blindar las \u00e1reas naturales protegidas y evitar cambios de uso de suelo, con el objetivo de que las nuevas generaciones cuenten con un futuro m\u00e1s sano y pr\u00f3spero.<\/p>\n<p>El alcalde subray\u00f3 que, a trav\u00e9s de la Secretar\u00eda de Desarrollo Econ\u00f3mico y la Secretar\u00eda de Innovaci\u00f3n y Tecnolog\u00eda, se brindan herramientas para que las y los j\u00f3venes que deseen emprender o formalizar un negocio cuenten con acompa\u00f1amiento para desarrollar y concretar sus proyectos, adem\u00e1s de que se trabaja en la atracci\u00f3n de inversiones para generar nuevos empleos. Adem\u00e1s, se\u00f1al\u00f3 que actualmente hay m\u00e1s de mil 200 proyectos registrados de j\u00f3venes que se acercaron al municipio con una idea y recibieron apoyo para convertirla en un negocio o una empresa, lo que refleja que en Quer\u00e9taro se impulsan las oportunidades para emprender y crecer.<\/p>\n<p>Recalc\u00f3 que uno de los temas prioritarios en la agenda de su administraci\u00f3n es la seguridad. Por ello, se trabaja de manera coordinada con los distintos \u00f3rdenes de gobierno para que Quer\u00e9taro contin\u00fae como un lugar seguro, donde todas las familias, sin importar la comunidad o zona de la ciudad en la que vivan, puedan tener una buena calidad de vida.<\/p>\n<p>\u201cTodos los d\u00edas estamos trabajando de manera muy puntual mucha gente para que ustedes tengan el mejor lugar para vivir, para desarrollarse y para tener oportunidades. Por un lado, generando inversi\u00f3n, generando empleo, generando herramientas y por otro lado, generando un entorno de seguridad en el que ustedes puedan desarrollarse. Y si quieren ir a divertirse hoy en la noche que ustedes y que sus pap\u00e1s tengan la certeza de que van a estar seguros\u201d.<\/p>\n<p>Finalmente, invit\u00f3 a las y los j\u00f3venes a involucrarse en la vida p\u00fablica y a alzar la voz en la toma de decisiones, as\u00ed como a conocer los diversos programas y proyectos que se impulsan a nivel estatal y municipal para que puedan acceder a ellos, ya sea para emprender o para consolidar sus metas.<\/p>\n","protected":false},"excerpt":{"rendered":"<p>El presidente municipal de Quer\u00e9taro, Felifer Mac\u00edas, se reuni\u00f3 con estudiantes del Instituto Thomas Jefferson, donde imparti\u00f3 la ponencia \u201cDemocracia Activa: El Poder de tu Voz en los Procesos Electorales\u201d, espacio en el que invit\u00f3 a las y los j\u00f3venes a involucrarse en la vida pol\u00edtica de Quer\u00e9taro y de M\u00e9xico, para que sean art\u00edfices de sus propias decisiones y<\/p>\n<div class=\"h10\"><\/div>\n<p><a class=\"more-link2 flat\" href=\"https:\/\/elconspirador.com.mx\/?p=75649\">Leer m\u00e1s<\/a><\/p>\n","protected":false},"author":1,"featured_media":75650,"comment_status":"open","ping_status":"open","sticky":false,"template":"","format":"standard","meta":{"om_disable_all_campaigns":false,"_uf_show_specific_survey":0,"_uf_disable_surveys":false},"categories":[1],"tags":[],"aioseo_notices":[],"_links":{"self":[{"href":"https:\/\/elconspirador.com.mx\/index.php?rest_route=\/wp\/v2\/posts\/75649"}],"collection":[{"href":"https:\/\/elconspirador.com.mx\/index.php?rest_route=\/wp\/v2\/posts"}],"about":[{"href":"https:\/\/elconspirador.com.mx\/index.php?rest_route=\/wp\/v2\/types\/post"}],"author":[{"embeddable":true,"href":"https:\/\/elconspirador.com.mx\/index.php?rest_route=\/wp\/v2\/users\/1"}],"replies":[{"embeddable":true,"href":"https:\/\/elconspirador.com.mx\/index.php?rest_route=%2Fwp%2Fv2%2Fcomments&post=75649"}],"version-history":[{"count":1,"href":"https:\/\/elconspirador.com.mx\/index.php?rest_route=\/wp\/v2\/posts\/75649\/revisions"}],"predecessor-version":[{"id":75651,"href":"https:\/\/elconspirador.com.mx\/index.php?rest_route=\/wp\/v2\/posts\/75649\/revisions\/75651"}],"wp:featuredmedia":[{"embeddable":true,"href":"https:\/\/elconspirador.com.mx\/index.php?rest_route=\/wp\/v2\/media\/75650"}],"wp:attachment":[{"href":"https:\/\/elconspirador.com.mx\/index.php?rest_route=%2Fwp%2Fv2%2Fmedia&parent=75649"}],"wp:term":[{"taxonomy":"category","embeddable":true,"href":"https:\/\/elconspirador.com.mx\/index.php?rest_route=%2Fwp%2Fv2%2Fcategories&post=75649"},{"taxonomy":"post_tag","embeddable":true,"href":"https:\/\/elconspirador.com.mx\/index.php?rest_route=%2Fwp%2Fv2%2Ftags&post=75649"}],"curies":[{"name":"wp","href":"https:\/\/api.w.org\/{rel}","templated":true}]}}