{"id":75652,"date":"2026-03-10T18:36:44","date_gmt":"2026-03-11T00:36:44","guid":{"rendered":"https:\/\/elconspirador.com.mx\/?p=75652"},"modified":"2026-03-10T18:36:44","modified_gmt":"2026-03-11T00:36:44","slug":"se-manifiestan-por-clausura-de-foro-cultural","status":"publish","type":"post","link":"https:\/\/elconspirador.com.mx\/?p=75652","title":{"rendered":"SE MANIFIESTAN POR CLAUSURA DE FORO CULTURAL"},"content":{"rendered":"<p>Integrantes del colectivo &#8220;ElaborArte Manos Vivas&#8221; se manifestaron tras la clausura de un foro cultural ubicado en la calle Independencia del Centro Hist\u00f3rico, espacio en el que durante m\u00e1s de una d\u00e9cada se realizaron actividades art\u00edsticas como presentaciones teatrales y conciertos gratuitos abiertos al p\u00fablico.<\/p>\n<p>De acuerdo con los artistas, el foro operaba en un predio propiedad del municipio de Quer\u00e9taro, el cual hab\u00eda sido utilizado para actividades culturales mediante un acuerdo verbal entre integrantes de la comunidad art\u00edstica y autoridades municipales desde hace m\u00e1s de 10 a\u00f1os, sin embargo fue clausurado desde el pasado 15 de febrero tras avisos por presunto ruido excesivo y la falta de licencia de funcionamiento.<\/p>\n<p>El representante del colectivo, Juan Jos\u00e9 Hern\u00e1ndez, explic\u00f3 que el espacio se convirti\u00f3 con el paso del tiempo en un punto de encuentro para artistas independientes y para la promoci\u00f3n cultural en la zona, as\u00ed como venta de artesan\u00eda, los cuales se presentaban de manera gratuita, por lo que piden a las autoridades la reapertura del espacio y la realizaci\u00f3n de un nuevo acuerdo.<\/p>\n<p>Asimismo, expres\u00f3 que la clausura del lugar genera preocupaci\u00f3n entre quienes participaban en las actividades, ya que representaba una plataforma para creadores locales y para la venta de artesanos.<\/p>\n<p>Los integrantes del colectivo marcharon este martes y realizaron plantones en la delegaci\u00f3n Centro Hist\u00f3rico y Plaza de Armas, donde exigen un di\u00e1logo con las autoridades municipales.<\/p>\n","protected":false},"excerpt":{"rendered":"<p>Integrantes del colectivo &#8220;ElaborArte Manos Vivas&#8221; se manifestaron tras la clausura de un foro cultural ubicado en la calle Independencia del Centro Hist\u00f3rico, espacio en el que durante m\u00e1s de una d\u00e9cada se realizaron actividades art\u00edsticas como presentaciones teatrales y conciertos gratuitos abiertos al p\u00fablico. De acuerdo con los artistas, el foro operaba en un predio propiedad del municipio de<\/p>\n<div class=\"h10\"><\/div>\n<p><a class=\"more-link2 flat\" href=\"https:\/\/elconspirador.com.mx\/?p=75652\">Leer m\u00e1s<\/a><\/p>\n","protected":false},"author":1,"featured_media":75653,"comment_status":"open","ping_status":"open","sticky":false,"template":"","format":"standard","meta":{"om_disable_all_campaigns":false,"_uf_show_specific_survey":0,"_uf_disable_surveys":false},"categories":[1],"tags":[],"aioseo_notices":[],"_links":{"self":[{"href":"https:\/\/elconspirador.com.mx\/index.php?rest_route=\/wp\/v2\/posts\/75652"}],"collection":[{"href":"https:\/\/elconspirador.com.mx\/index.php?rest_route=\/wp\/v2\/posts"}],"about":[{"href":"https:\/\/elconspirador.com.mx\/index.php?rest_route=\/wp\/v2\/types\/post"}],"author":[{"embeddable":true,"href":"https:\/\/elconspirador.com.mx\/index.php?rest_route=\/wp\/v2\/users\/1"}],"replies":[{"embeddable":true,"href":"https:\/\/elconspirador.com.mx\/index.php?rest_route=%2Fwp%2Fv2%2Fcomments&post=75652"}],"version-history":[{"count":1,"href":"https:\/\/elconspirador.com.mx\/index.php?rest_route=\/wp\/v2\/posts\/75652\/revisions"}],"predecessor-version":[{"id":75654,"href":"https:\/\/elconspirador.com.mx\/index.php?rest_route=\/wp\/v2\/posts\/75652\/revisions\/75654"}],"wp:featuredmedia":[{"embeddable":true,"href":"https:\/\/elconspirador.com.mx\/index.php?rest_route=\/wp\/v2\/media\/75653"}],"wp:attachment":[{"href":"https:\/\/elconspirador.com.mx\/index.php?rest_route=%2Fwp%2Fv2%2Fmedia&parent=75652"}],"wp:term":[{"taxonomy":"category","embeddable":true,"href":"https:\/\/elconspirador.com.mx\/index.php?rest_route=%2Fwp%2Fv2%2Fcategories&post=75652"},{"taxonomy":"post_tag","embeddable":true,"href":"https:\/\/elconspirador.com.mx\/index.php?rest_route=%2Fwp%2Fv2%2Ftags&post=75652"}],"curies":[{"name":"wp","href":"https:\/\/api.w.org\/{rel}","templated":true}]}}