{"id":75658,"date":"2026-03-10T14:31:37","date_gmt":"2026-03-10T20:31:37","guid":{"rendered":"https:\/\/elconspirador.com.mx\/?p=75658"},"modified":"2026-03-10T14:31:37","modified_gmt":"2026-03-10T20:31:37","slug":"corregidora-rehabilitara-lateral-de-parque-industrial","status":"publish","type":"post","link":"https:\/\/elconspirador.com.mx\/?p=75658","title":{"rendered":"CORREGIDORA REHABILITAR\u00c1 LATERAL DE PARQUE INDUSTRIAL"},"content":{"rendered":"<p class=\"s5\"><span class=\"s4\">Ante integrantes del Parque Industrial Balvanera, el presidente municipal de Corregidora, Chepe Guerrero, present\u00f3 el proyecto \u201cRehabilitaci\u00f3n de Vialidad y Entronque en Lateral al Parque Industrial Balvanera\u201d, obra que tiene como objetivo mejorar la seguridad y las condiciones de movilidad para peatones y automovilistas que diariamente transitan por la zona.<\/span><\/p>\n<p class=\"s5\"><span class=\"s4\">\u00a0<\/span><\/p>\n<p class=\"s5\"><span class=\"s4\">El alcalde reconoci\u00f3 la organizaci\u00f3n y compromiso de las y los empresarios del parque industrial, representados por su administrador general, Francisco Joss Larrondo, quienes contribuir\u00e1n con el 50% del recurso econ\u00f3mico necesario para llevar a cabo la rehabilitaci\u00f3n.<\/span><\/p>\n<p class=\"s5\"><span class=\"s4\">\u00a0<\/span><\/p>\n<p class=\"s5\"><span class=\"s4\">\u201cLa aportaci\u00f3n que hacen ustedes hoy es bien importante, lo voy a decir como es: no podr\u00edamos hacer esta obra si no fuera por la aportaci\u00f3n de ustedes. Con todo y lo que<\/span><span class=\"s4\"> hemos podido gestionar con el gobernador. E<\/span><span class=\"s4\">stirar el recurso puede ser complicado, pero la verdad esto que ustedes hicieron yo lo reconozco como una forma de hacer comunidad\u201d, expres\u00f3.<\/span><\/p>\n<p class=\"s5\"><span class=\"s4\">\u00a0<\/span><\/p>\n<p class=\"s5\"><span class=\"s4\">La secretaria de Obras P\u00fablicas Municipales, Viridiana Nava Rodr\u00edguez, fue la encargada de presentar los detalles t\u00e9cnicos del proyecto. Inform\u00f3 que los trabajos iniciar\u00e1n durante la primera semana de abril y tendr\u00e1n un periodo total de ejecuci\u00f3n de 10 semanas.<\/span><\/p>\n<p class=\"s5\"><span class=\"s4\">\u00a0<\/span><\/p>\n<p class=\"s5\"><span class=\"s4\">Explic\u00f3 que las labores que generar\u00e1n mayor impacto en la circulaci\u00f3n se concentrar\u00e1n durante el primer mes, mientras que el resto del tiempo corresponde a procesos necesarios para garantizar la calidad de la obra.<\/span><\/p>\n<p class=\"s5\"><span class=\"s4\">\u00a0<\/span><\/p>\n<p class=\"s5\"><span class=\"s4\">\u201cLas molestias m\u00e1s fuertes para quienes usan esta vialidad ser\u00e1n aproximadamente durante cuatro o cinco semanas. Posteriormente debemos esperar a que el asfalto llegue a su punto <\/span><span class=\"s4\">exacto<\/span><span class=\"s4\"> para poder aplicar la pintura, ya que si se coloca antes el material la absorbe\u201d, detall\u00f3.<\/span><\/p>\n<p class=\"s5\"><span class=\"s4\">\u00a0<\/span><\/p>\n<p class=\"s5\"><span class=\"s4\">Entre las acciones a realizar se encuentra el tendido de carpeta asf\u00e1ltica sobre empedrado en una longitud de 511 metros lineales, as\u00ed como mejoramiento, rehabilitaci\u00f3n y construcci\u00f3n de banquetas y guarniciones, adem\u00e1s de la colocaci\u00f3n de se\u00f1alamiento vial y peatonal.<\/span><\/p>\n","protected":false},"excerpt":{"rendered":"<p>Ante integrantes del Parque Industrial Balvanera, el presidente municipal de Corregidora, Chepe Guerrero, present\u00f3 el proyecto \u201cRehabilitaci\u00f3n de Vialidad y Entronque en Lateral al Parque Industrial Balvanera\u201d, obra que tiene como objetivo mejorar la seguridad y las condiciones de movilidad para peatones y automovilistas que diariamente transitan por la zona. \u00a0 El alcalde reconoci\u00f3 la organizaci\u00f3n y compromiso de las<\/p>\n<div class=\"h10\"><\/div>\n<p><a class=\"more-link2 flat\" href=\"https:\/\/elconspirador.com.mx\/?p=75658\">Leer m\u00e1s<\/a><\/p>\n","protected":false},"author":1,"featured_media":75659,"comment_status":"open","ping_status":"open","sticky":false,"template":"","format":"standard","meta":{"om_disable_all_campaigns":false,"_uf_show_specific_survey":0,"_uf_disable_surveys":false},"categories":[1],"tags":[],"aioseo_notices":[],"_links":{"self":[{"href":"https:\/\/elconspirador.com.mx\/index.php?rest_route=\/wp\/v2\/posts\/75658"}],"collection":[{"href":"https:\/\/elconspirador.com.mx\/index.php?rest_route=\/wp\/v2\/posts"}],"about":[{"href":"https:\/\/elconspirador.com.mx\/index.php?rest_route=\/wp\/v2\/types\/post"}],"author":[{"embeddable":true,"href":"https:\/\/elconspirador.com.mx\/index.php?rest_route=\/wp\/v2\/users\/1"}],"replies":[{"embeddable":true,"href":"https:\/\/elconspirador.com.mx\/index.php?rest_route=%2Fwp%2Fv2%2Fcomments&post=75658"}],"version-history":[{"count":1,"href":"https:\/\/elconspirador.com.mx\/index.php?rest_route=\/wp\/v2\/posts\/75658\/revisions"}],"predecessor-version":[{"id":75660,"href":"https:\/\/elconspirador.com.mx\/index.php?rest_route=\/wp\/v2\/posts\/75658\/revisions\/75660"}],"wp:featuredmedia":[{"embeddable":true,"href":"https:\/\/elconspirador.com.mx\/index.php?rest_route=\/wp\/v2\/media\/75659"}],"wp:attachment":[{"href":"https:\/\/elconspirador.com.mx\/index.php?rest_route=%2Fwp%2Fv2%2Fmedia&parent=75658"}],"wp:term":[{"taxonomy":"category","embeddable":true,"href":"https:\/\/elconspirador.com.mx\/index.php?rest_route=%2Fwp%2Fv2%2Fcategories&post=75658"},{"taxonomy":"post_tag","embeddable":true,"href":"https:\/\/elconspirador.com.mx\/index.php?rest_route=%2Fwp%2Fv2%2Ftags&post=75658"}],"curies":[{"name":"wp","href":"https:\/\/api.w.org\/{rel}","templated":true}]}}